{"id":4218,"date":"2016-05-17T17:37:36","date_gmt":"2016-05-17T16:37:36","guid":{"rendered":"http:\/\/www.spvgg-osterhofen.de\/site_2010\/?p=4218"},"modified":"2019-07-29T22:17:50","modified_gmt":"2019-07-29T21:17:50","slug":"lohberger-treffer-reicht-nicht-zum-sieg","status":"publish","type":"post","link":"http:\/\/www.spvgg-osterhofen.de\/site_2010\/lohberger-treffer-reicht-nicht-zum-sieg","title":{"rendered":"Lohberger-Treffer reicht nicht zum Sieg!"},"content":{"rendered":"<p style=\"text-align: justify\"><img loading=\"lazy\" decoding=\"async\" class=\"alignleft wp-image-4220\" src=\"http:\/\/www.spvgg-osterhofen.de\/site_2010\/wp-content\/uploads\/2016\/05\/ost_kar054.jpg\" alt=\"ost_kar054\" width=\"680\" height=\"453\" srcset=\"http:\/\/www.spvgg-osterhofen.de\/site_2010\/wp-content\/uploads\/2016\/05\/ost_kar054.jpg 900w, http:\/\/www.spvgg-osterhofen.de\/site_2010\/wp-content\/uploads\/2016\/05\/ost_kar054-300x200.jpg 300w, http:\/\/www.spvgg-osterhofen.de\/site_2010\/wp-content\/uploads\/2016\/05\/ost_kar054-768x512.jpg 768w\" sizes=\"auto, (max-width: 680px) 100vw, 680px\" \/><\/p>\n<p style=\"text-align: justify\">\n<p style=\"text-align: justify\">\n<p style=\"text-align: justify\">\n<p style=\"text-align: justify\">\n<p style=\"text-align: justify\">\n<p style=\"text-align: justify\">\n<p style=\"text-align: justify\">\n<p style=\"text-align: justify\">\n<p style=\"text-align: justify\">\n<p style=\"text-align: justify\">\n<p style=\"text-align: justify\">\n<p style=\"text-align: justify\">\n<p style=\"text-align: justify\">Auch wenn es gegen den TSV Kareth-Lappersdorf am Ende nur zur Punkteteilung reichte blieb die SpVgg Osterhofen-Altenmarkt in ihrem ersten Landesligajahr seit Vereinsbestehen weit \u00fcber den Erwartungen: <strong>\u201eWenn uns vor der Saison jemand gesagt h\u00e4tte, dass wir 50 Punkte erreichen, dann h\u00e4tten wir das sofort unterschrieben!\u201c<\/strong> best\u00e4tigt Trainer Andreas K\u00f6lbl das souver\u00e4ne Erreichen des Saisonziels.<!--more--><\/p>\n<p style=\"text-align: justify\">\n<p style=\"text-align: justify\">Das Spiel gegen den oberpf\u00e4lzischen Traditionsverein begann flotter als erwartet. Dabei waren es die G\u00e4ste die zun\u00e4chst die Musik machten. Mit schnellen Vorst\u00f6\u00dfen brachten sie die Hausherrenverteidigung rasch in die eine oder andere Verlegenheit. In der 9. Minute r\u00fcckte die Innenverteidigung der Herzogst\u00e4dter zu weit vor. Ein langer Ball auf Maximilian R\u00f6hrl, der nicht in Abseitsposition durch die Schnittstelle enteilte, konnte der Mittelfeldmann Kareths an TW Philipp Zellner vorbei zum 0:1 in die Maschen dr\u00fccken. Zu diesem Zeitpunkt die durchaus verdiente F\u00fchrung f\u00fcr die G\u00e4ste. In der Folge des ersten Durchgangs hatte zwar die Heimelf mehr Ballbesitz, Kareth dagegen gefiel durch schn\u00f6rkelloses Konterspiel und war die aktivere Elf. Osterhofen versuchte zwar nach vorne zu spielen, jedoch fehlten mit den Angreifer Christopher Helldobler und Stefan Lohberger, die konzentriert zugestellt wurden, wichtige Anspielstationen im Sturmzentrum. \u00a0Kurz vor der Pause rettete nach einer Ecke Christopher Helldobler einen Kopfball von Michael Stilp auf der Torlinie. \u00a0<strong>\u201eIn der ersten Halbzeit war Kareth die frischere und bessere Mannschaft und in der zweiten Halbzeit haben wir mehr in das Spiel investiert.\u201c <\/strong>erkl\u00e4rte K\u00f6lbl. So erh\u00f6hten die Niederbayern im zweiten Durchgang das Tempo und spielten zielstrebiger in Richtung Tor der G\u00e4ste. Zwangsl\u00e4ufig gelangen den Hausherren nun auch mehrere Abschl\u00fcsse die zun\u00e4chst noch das Ziel verfehlten. In der 65. Minute fiel der f\u00e4llige Ausgleich. Und wer sonst als Goalgetter Stephan Lohberger markierte den Ausgleich. Freistehend, und mit einem gef\u00fchlvollen Heber \u00fcberwand er TW Thomas Rachner zum 1:1. In der Folge blieb das Spiel weiter kurzweilig und wogte hin und her. <strong>\u201eObwohl es f\u00fcr beide Mannschaften um nichts mehr ging war es f\u00fcr die Zuschauer eine klasse Landesligapartie!\u201c<\/strong> erkannte Kareth Trainer Sepp Schuderer. Beide Teams wollten nicht verlieren so dass auch das Hauptaugenmerk bis zum Schluss auf ein kompaktes Mittelfeld mit kompromisslosen Pressing gelegt wurde. Osterhofen hatte den gr\u00f6\u00dferen Siegeswillen und kam \u00f6fters \u00fcber die Fl\u00fcgel durch. Richtig Torgef\u00e4hrlich wurde es aber nicht mehr, so dass sich am Ende beide Teams mit einem gerechten Unentschieden trennten. So sah es auch der Trainer der G\u00e4ste Sepp Schuderer: \u00a0<strong>\u201eDas Unentschieden war gerecht. In der ersten Halbzeit haben wir etwas mehr vom Spiel gehabt. In der zweiten Halbzeit war Osterhofen am Dr\u00fccker. Wir haben unsere jungen Leute mal Landesligaluft schnuppern lassen und das hat im Gro\u00dfen und Ganzen gut funktioniert. Ich bin zufrieden mit dem Punktgewinn!\u201c<\/strong><\/p>\n","protected":false},"excerpt":{"rendered":"<p>Auch wenn es gegen den TSV Kareth-Lappersdorf am Ende nur zur Punkteteilung reichte blieb die SpVgg Osterhofen-Altenmarkt in ihrem ersten Landesligajahr seit Vereinsbestehen weit \u00fcber den Erwartungen: \u201eWenn uns vor der Saison jemand gesagt h\u00e4tte, dass wir 50 Punkte erreichen, dann h\u00e4tten wir das sofort unterschrieben!\u201c best\u00e4tigt Trainer Andreas K\u00f6lbl das souver\u00e4ne Erreichen des Saisonziels.<\/p>\n","protected":false},"author":2,"featured_media":0,"comment_status":"closed","ping_status":"closed","sticky":false,"template":"","format":"standard","meta":{"ngg_post_thumbnail":0,"footnotes":""},"categories":[5],"tags":[],"class_list":["post-4218","post","type-post","status-publish","format-standard","hentry","category-news-archiv"],"aioseo_notices":[],"jetpack_featured_media_url":"","_links":{"self":[{"href":"http:\/\/www.spvgg-osterhofen.de\/site_2010\/wp-json\/wp\/v2\/posts\/4218","targetHints":{"allow":["GET"]}}],"collection":[{"href":"http:\/\/www.spvgg-osterhofen.de\/site_2010\/wp-json\/wp\/v2\/posts"}],"about":[{"href":"http:\/\/www.spvgg-osterhofen.de\/site_2010\/wp-json\/wp\/v2\/types\/post"}],"author":[{"embeddable":true,"href":"http:\/\/www.spvgg-osterhofen.de\/site_2010\/wp-json\/wp\/v2\/users\/2"}],"replies":[{"embeddable":true,"href":"http:\/\/www.spvgg-osterhofen.de\/site_2010\/wp-json\/wp\/v2\/comments?post=4218"}],"version-history":[{"count":1,"href":"http:\/\/www.spvgg-osterhofen.de\/site_2010\/wp-json\/wp\/v2\/posts\/4218\/revisions"}],"predecessor-version":[{"id":4221,"href":"http:\/\/www.spvgg-osterhofen.de\/site_2010\/wp-json\/wp\/v2\/posts\/4218\/revisions\/4221"}],"wp:attachment":[{"href":"http:\/\/www.spvgg-osterhofen.de\/site_2010\/wp-json\/wp\/v2\/media?parent=4218"}],"wp:term":[{"taxonomy":"category","embeddable":true,"href":"http:\/\/www.spvgg-osterhofen.de\/site_2010\/wp-json\/wp\/v2\/categories?post=4218"},{"taxonomy":"post_tag","embeddable":true,"href":"http:\/\/www.spvgg-osterhofen.de\/site_2010\/wp-json\/wp\/v2\/tags?post=4218"}],"curies":[{"name":"wp","href":"https:\/\/api.w.org\/{rel}","templated":true}]}}