{"id":4255,"date":"2017-01-29T09:39:45","date_gmt":"2017-01-29T08:39:45","guid":{"rendered":"http:\/\/www.spvgg-osterhofen.de\/site_2010\/?p=4255"},"modified":"2019-07-29T22:17:08","modified_gmt":"2019-07-29T21:17:08","slug":"osterhofen-legt-wieder-los","status":"publish","type":"post","link":"http:\/\/www.spvgg-osterhofen.de\/site_2010\/osterhofen-legt-wieder-los","title":{"rendered":"Osterhofen legt wieder los!"},"content":{"rendered":"<div style=\"text-align: justify\"><span style=\"color: #000000;font-family: Calibri\"><img loading=\"lazy\" decoding=\"async\" class=\"alignleft size-full wp-image-4257\" src=\"http:\/\/www.spvgg-osterhofen.de\/site_2010\/wp-content\/uploads\/2017\/01\/fn_osterhofen_Training_2017-01-26019-e1485679269829.jpg\" alt=\"fn_osterhofen_Training_2017-01-26019\" width=\"650\" height=\"433\" \/><\/span><\/div>\n<div style=\"text-align: justify\"><\/div>\n<div style=\"text-align: justify\"><\/div>\n<div style=\"text-align: justify\"><\/div>\n<div style=\"text-align: justify\"><\/div>\n<div style=\"text-align: justify\"><\/div>\n<div style=\"text-align: justify\"><\/div>\n<div style=\"text-align: justify\"><\/div>\n<div style=\"text-align: justify\"><\/div>\n<div style=\"text-align: justify\"><\/div>\n<div style=\"text-align: justify\"><\/div>\n<div style=\"text-align: justify\"><\/div>\n<div style=\"text-align: justify\"><\/div>\n<div style=\"text-align: justify\"><\/div>\n<div style=\"text-align: justify\"><\/div>\n<div style=\"text-align: justify\"><\/div>\n<div style=\"text-align: justify\"><\/div>\n<div style=\"text-align: justify\"><\/div>\n<div style=\"text-align: justify\"><\/div>\n<div style=\"text-align: justify\"><\/div>\n<div style=\"text-align: justify\"><span style=\"color: #000000;font-family: Calibri\">Die SpVgg Osterhofen-Altenmarkt hat am Donnerstagabend mit der Vorbereitung zur hei\u00dfen Phase in der Landesliga Mitte begonnen. Gleichzeitig verk\u00fcndet der Verein die Zukunft der Mannschaft, die derzeit in der Landesliga-Mitte auf Platz 14 liegt. Die beiden gleichberechtigten Trainer Martin Oslislo (38) und Sepp Holler (39) machen auch in der kommenden Spielzeit weiter. Egal in welcher Liga! <\/span><\/div>\n<div style=\"text-align: justify\"><\/div>\n<div style=\"text-align: justify\"><span style=\"color: #000000;font-family: Calibri\"><b>\u201eWir wollen die Mannschaft, so wie sie jetzt ist auch f\u00fcr die n\u00e4chste Saison zusammenhalten!\u201c<\/b> sagt Oslislo der sich genauso wie Sepp Holler in Osterhofen pudelwohl f\u00fchlt. <b>\u201eWir sind froh, dass wir fr\u00fchzeitig f\u00fcr die n\u00e4chste Zeit planungssicherheit haben und zugleich f\u00fcr die kommenden schweren Wochen in der Liga ein Zeichen setzen k\u00f6nnen!\u201c<\/b> \u00a0gibt Sportchef Werner Sixt bekannt. Zum Trainingsauftakt konnten die \u00dcbungsleiter die beiden Winterneuzug\u00e4nge begr\u00fc\u00dfen. Zum einen den Bosnier Mirza <\/span><a href=\"http:\/\/www.fupa.net\/spieler\/mirza-hasanovic-1086759.html\" target=\"_blank\" rel=\"noopener noreferrer\"><span style=\"font-family: Calibri\">Hasanovi\u010d<\/span><\/a><span style=\"color: #000000;font-family: Calibri\"> (26), der u.a. beim rum\u00e4nischen Top-Club Dinamo Bukarest unter Vertrag stand, und in der Abwehr wieder f\u00fcr die n\u00f6tige Stabilit\u00e4t sorgen soll, und zum anderen Talent Pascal Fischer (18, SV Schalding-Haining) der die Juniorenmannschaften des Regionalligisten durchlief und im offensiven Mittelfeld eingesetzt werden kann. Bis auf die verletzten Lukas Grzesik (20, Schambeinentz\u00fcndung) und Manuel Aigner (20), der sich erneut einer Knieoperation unterziehen musste, sind alle Kaderspieler ins Training eingestiegen. Auch Kapit\u00e4n Stefan Mandl (27) hat nach seinem Kreuzbandriss mit dem Aufbautraining begonnen. Auf schneebedeckten Untergrund baten die beiden \u00dcbungsleiter zur ersten lockeren Einheit. <b>\u201eBis zum Trainingslager wird an den Grundlagen der Fitness gearbeitet!\u201c<\/b> gibt Trainer Martin Oslislo (38) den Fahrplan der Vorbereitung bekannt. <b>\u201eIm Trainingslager auf Zypern <i>(11.-18.02.17 d. Red.) <\/i>liegt unser Fokus auf Ballbehandlung und Teambuilding.\u201c<\/b> f\u00e4hrt Oslislo fort. Am Spielsystem wird vorerst nichts ge\u00e4ndert. <b>\u201eDas ist nicht die Ursache f\u00fcr unseren derzeitigen Tabellenstand.\u201c <\/b>erkl\u00e4rt Sepp Holler. <b>\u201eWir wollen, das das Team ein noch verschworener Haufen wird, den Abstiegskampf annimmt und im Spiel als geschlossene Einheit mit dem n\u00f6tigen Biss agiert!\u201c <\/b>geben die beiden Trainer als Marschrichtung f\u00fcr den Rest der Runde aus. <\/span><\/div>\n<div style=\"text-align: justify\"><\/div>\n<div style=\"text-align: justify\"><span style=\"color: #000000;font-family: Calibri\">Bereits am kommenden Mittwoch, 01.02.2017 steht der erste Test an. Auf dem Deggendorfer Kunstrasen geht\u2019s gegen den Ligakonkurrenten TSV Seebach. Anpfiff ist um 20.30 Uhr. Weiter getestet wird beim TSV Vilsbiburg (Kunstrasen, 04.02.17 \/ 13 Uhr), gegen den TV Geiselh\u00f6ring (Deggendorf, 10.02.17 \/ 19 Uhr), beim 1.FC Passau (21.02.17 \/ 18.30 Uhr) und zum Abschluss der Vorbereitung am 25.02.17 um 18.30 Uhr testet man auf dem Schaldinger Kunstrasen gegen den SV Hutthurm. Am 5. M\u00e4rz wird es dann f\u00fcr die Herzogst\u00e4dter ernst, wenn es beim ASV Burglengenfeld wieder um Ligapunkte geht!<\/span><\/div>\n","protected":false},"excerpt":{"rendered":"<p>Die SpVgg Osterhofen-Altenmarkt hat am Donnerstagabend mit der Vorbereitung zur hei\u00dfen Phase in der Landesliga Mitte begonnen. Gleichzeitig verk\u00fcndet der Verein die Zukunft der Mannschaft, die derzeit in der Landesliga-Mitte auf Platz 14 liegt. Die beiden gleichberechtigten Trainer Martin Oslislo (38) und Sepp Holler (39) machen auch in der kommenden Spielzeit weiter. Egal in welcher <a class=\"more-link\" href=\"http:\/\/www.spvgg-osterhofen.de\/site_2010\/osterhofen-legt-wieder-los\">Continue reading <i class=\"fa fa-chevron-right\"><\/i><\/a><\/p>\n","protected":false},"author":2,"featured_media":0,"comment_status":"closed","ping_status":"closed","sticky":false,"template":"","format":"standard","meta":{"ngg_post_thumbnail":0,"footnotes":""},"categories":[5],"tags":[],"class_list":["post-4255","post","type-post","status-publish","format-standard","hentry","category-news-archiv"],"aioseo_notices":[],"jetpack_featured_media_url":"","_links":{"self":[{"href":"http:\/\/www.spvgg-osterhofen.de\/site_2010\/wp-json\/wp\/v2\/posts\/4255","targetHints":{"allow":["GET"]}}],"collection":[{"href":"http:\/\/www.spvgg-osterhofen.de\/site_2010\/wp-json\/wp\/v2\/posts"}],"about":[{"href":"http:\/\/www.spvgg-osterhofen.de\/site_2010\/wp-json\/wp\/v2\/types\/post"}],"author":[{"embeddable":true,"href":"http:\/\/www.spvgg-osterhofen.de\/site_2010\/wp-json\/wp\/v2\/users\/2"}],"replies":[{"embeddable":true,"href":"http:\/\/www.spvgg-osterhofen.de\/site_2010\/wp-json\/wp\/v2\/comments?post=4255"}],"version-history":[{"count":4,"href":"http:\/\/www.spvgg-osterhofen.de\/site_2010\/wp-json\/wp\/v2\/posts\/4255\/revisions"}],"predecessor-version":[{"id":4482,"href":"http:\/\/www.spvgg-osterhofen.de\/site_2010\/wp-json\/wp\/v2\/posts\/4255\/revisions\/4482"}],"wp:attachment":[{"href":"http:\/\/www.spvgg-osterhofen.de\/site_2010\/wp-json\/wp\/v2\/media?parent=4255"}],"wp:term":[{"taxonomy":"category","embeddable":true,"href":"http:\/\/www.spvgg-osterhofen.de\/site_2010\/wp-json\/wp\/v2\/categories?post=4255"},{"taxonomy":"post_tag","embeddable":true,"href":"http:\/\/www.spvgg-osterhofen.de\/site_2010\/wp-json\/wp\/v2\/tags?post=4255"}],"curies":[{"name":"wp","href":"https:\/\/api.w.org\/{rel}","templated":true}]}}