{"id":4260,"date":"2017-02-03T09:45:04","date_gmt":"2017-02-03T08:45:04","guid":{"rendered":"http:\/\/www.spvgg-osterhofen.de\/site_2010\/?p=4260"},"modified":"2019-07-29T22:11:33","modified_gmt":"2019-07-29T21:11:33","slug":"osterhofen-i-gewinnt-ersten-test-41-gg-seebach","status":"publish","type":"post","link":"http:\/\/www.spvgg-osterhofen.de\/site_2010\/osterhofen-i-gewinnt-ersten-test-41-gg-seebach","title":{"rendered":"Osterhofen I gewinnt ersten Test 4:1 gg. Seebach"},"content":{"rendered":"<div id=\"attachment_4261\" style=\"width: 310px\" class=\"wp-caption alignleft\"><img loading=\"lazy\" decoding=\"async\" aria-describedby=\"caption-attachment-4261\" class=\"wp-image-4261 size-medium\" src=\"http:\/\/www.spvgg-osterhofen.de\/site_2010\/wp-content\/uploads\/2017\/02\/zacher_aktion-300x210.jpg\" alt=\"gab sein Debut im Trikot der ersten Mannschaft. Tom Zacher\" width=\"300\" height=\"210\" srcset=\"http:\/\/www.spvgg-osterhofen.de\/site_2010\/wp-content\/uploads\/2017\/02\/zacher_aktion-300x210.jpg 300w, http:\/\/www.spvgg-osterhofen.de\/site_2010\/wp-content\/uploads\/2017\/02\/zacher_aktion.jpg 650w\" sizes=\"auto, (max-width: 300px) 100vw, 300px\" \/><p id=\"caption-attachment-4261\" class=\"wp-caption-text\">Gab sein Debut im Trikot der ersten Mannschaft. Tom Zacher<\/p><\/div>\n<p style=\"text-align: justify\">Es war f\u00fcr beide Teams der erste Test unter freien Himmel. Die Mitte-Landesligisten aus Osterhofen und Seebach trafen gestern Abend auf dem Deggendorfer Kunstrasen aufeinander. Am Ende behielten die Herzogst\u00e4dter mit 4:1 etwas zu hoch die Oberhand. <strong>\u201eWir hatten die Partie eigentlich gut im Griff aber unser Eigenfehler haben die Osterhofener sehr gut ausgenutzt.\u201c<\/strong> analysierte Seebach Coach Tom Prebeck den Test nach zwei richtig harten Einheiten in den vergangenen Tagen und meint weiter: <strong>\u201eInsgesamt bin ich mit dem Spiel meiner Mannschaft zufrieden\u201c. <\/strong>Nach f\u00fcnfzehn Minuten nutzte Martin Oslislo erstmals eine Schw\u00e4che des TSV aus und besorgte die F\u00fchrung. Mit einem Doppelschlag nach gut einer halben Stunde und dem vierten Treffer gleich nach der Pause lag die Spielvereinigung komfortabel 4:0 in F\u00fchrung. Benjamin Baumgartner verk\u00fcrzte noch auf 1:4 aber mehr war dann f\u00fcr die Seebacher nicht mehr drin. <strong>\u201eVom Auftreten, vom Ergebnis und vom l\u00e4uferischen her waren wir zufrieden!\u201c<\/strong> bilanziert SpVgg Trainer Sepp Holler, <strong>\u201eaber das Ergebnis ist etwas zu hoch ausgefallen.\u201c<\/strong> erg\u00e4nzt sein Trainerkollege Martin Oslislo. <strong>\u201eDas spielerische Element ist nach den schweren Konditionseinheiten nicht so zum Vorschein gekommen.\u201c<\/strong> verr\u00e4t Holler der selbst an der Seitenlinie blieb und daf\u00fcr den Winterneuzugang Mirza Hasanovic \u00fcber die komplette Zeit auf dem gut bespielbaren Deggendorfer Kunstrasen spielen lie\u00df. Auf Seebacher Seite feierte Christoph Beck nach monatelanger Verletzungspause (Schulter) sein Comeback. <strong>\u201eMich freut es sehr das Christoph nach so langer Pause wieder auf den Platz gestanden ist und seine Sache ordentlich gemacht hat.\u201c<\/strong> freut sich Tom Prebeck sichtlich und f\u00e4hrt fort: <strong>\u201eDas ist nicht nur f\u00fcr ihn sondern f\u00fcr die ganze Truppe ein positives Zeichen das wir ihn wieder dabei haben.\u201c<\/strong> F\u00fcr beide Teams stehen am kommenden Samstag Testspiele auf dem Programm. Die SpVgg tritt beim TSV Vilsbiburg an, w\u00e4hrend der TSV Seebach in Deggendorf gegen den SV Hutthurm testet. fn<\/p>\n<p style=\"text-align: justify\">Tore: 1:0 Martin Oslislo (15. Minute), 2:0 Johannes Wittenzellner (33.), 3:0 Christopher Helldobler (38.), 4:0 Manuel Heindl (49.), 4:1 Benjamin Baumgartner (54.)<\/p>\n<p style=\"text-align: justify\">Osterhofen: Zellner (46. Marcel Fischer) \u2013 Saller, Hasanovic, Filiz, Moosm\u00fcller \u2013 Helldobler, Oslislo (46. Pascal Fischer), Wittenzellner (46. Zacher), M. Heindl, A. Heindl \u2013 Lohberger<\/p>\n<p style=\"text-align: justify\">Seebach: Winnerl \u2013 A. Wagner (46. Jartschik), Lorenz, Nickl, Krejci \u2013 Pleintinger (46. Biermeier), Drexler, W. Wagner, Beck, Lallinger \u2013 Baumgartner<\/p>\n<p style=\"text-align: justify\">SR: Stefan Dorfner (Falkenfels)<\/p>\n","protected":false},"excerpt":{"rendered":"<p>Es war f\u00fcr beide Teams der erste Test unter freien Himmel. Die Mitte-Landesligisten aus Osterhofen und Seebach trafen gestern Abend auf dem Deggendorfer Kunstrasen aufeinander. Am Ende behielten die Herzogst\u00e4dter mit 4:1 etwas zu hoch die Oberhand. \u201eWir hatten die Partie eigentlich gut im Griff aber unser Eigenfehler haben die Osterhofener sehr gut ausgenutzt.\u201c analysierte <a class=\"more-link\" href=\"http:\/\/www.spvgg-osterhofen.de\/site_2010\/osterhofen-i-gewinnt-ersten-test-41-gg-seebach\">Continue reading <i class=\"fa fa-chevron-right\"><\/i><\/a><\/p>\n","protected":false},"author":2,"featured_media":0,"comment_status":"closed","ping_status":"closed","sticky":false,"template":"","format":"standard","meta":{"ngg_post_thumbnail":0,"footnotes":""},"categories":[5],"tags":[],"class_list":["post-4260","post","type-post","status-publish","format-standard","hentry","category-news-archiv"],"aioseo_notices":[],"jetpack_featured_media_url":"","_links":{"self":[{"href":"http:\/\/www.spvgg-osterhofen.de\/site_2010\/wp-json\/wp\/v2\/posts\/4260","targetHints":{"allow":["GET"]}}],"collection":[{"href":"http:\/\/www.spvgg-osterhofen.de\/site_2010\/wp-json\/wp\/v2\/posts"}],"about":[{"href":"http:\/\/www.spvgg-osterhofen.de\/site_2010\/wp-json\/wp\/v2\/types\/post"}],"author":[{"embeddable":true,"href":"http:\/\/www.spvgg-osterhofen.de\/site_2010\/wp-json\/wp\/v2\/users\/2"}],"replies":[{"embeddable":true,"href":"http:\/\/www.spvgg-osterhofen.de\/site_2010\/wp-json\/wp\/v2\/comments?post=4260"}],"version-history":[{"count":3,"href":"http:\/\/www.spvgg-osterhofen.de\/site_2010\/wp-json\/wp\/v2\/posts\/4260\/revisions"}],"predecessor-version":[{"id":4264,"href":"http:\/\/www.spvgg-osterhofen.de\/site_2010\/wp-json\/wp\/v2\/posts\/4260\/revisions\/4264"}],"wp:attachment":[{"href":"http:\/\/www.spvgg-osterhofen.de\/site_2010\/wp-json\/wp\/v2\/media?parent=4260"}],"wp:term":[{"taxonomy":"category","embeddable":true,"href":"http:\/\/www.spvgg-osterhofen.de\/site_2010\/wp-json\/wp\/v2\/categories?post=4260"},{"taxonomy":"post_tag","embeddable":true,"href":"http:\/\/www.spvgg-osterhofen.de\/site_2010\/wp-json\/wp\/v2\/tags?post=4260"}],"curies":[{"name":"wp","href":"https:\/\/api.w.org\/{rel}","templated":true}]}}