{"id":4270,"date":"2017-03-06T08:12:34","date_gmt":"2017-03-06T07:12:34","guid":{"rendered":"http:\/\/www.spvgg-osterhofen.de\/site_2010\/?p=4270"},"modified":"2019-07-29T22:11:19","modified_gmt":"2019-07-29T21:11:19","slug":"viele-ausfaelle-starker-gegner-osterhofen-kriegt-in-burglengenfeld-7","status":"publish","type":"post","link":"http:\/\/www.spvgg-osterhofen.de\/site_2010\/viele-ausfaelle-starker-gegner-osterhofen-kriegt-in-burglengenfeld-7","title":{"rendered":"Viele Ausf\u00e4lle, starker Gegner! Osterhofen kriegt in Burglengenfeld 7!"},"content":{"rendered":"<p style=\"text-align: justify\"><img loading=\"lazy\" decoding=\"async\" class=\"aligncenter wp-image-4271\" src=\"http:\/\/www.spvgg-osterhofen.de\/site_2010\/wp-content\/uploads\/2017\/03\/6818492.jpg\" alt=\"6818492\" width=\"700\" height=\"676\" srcset=\"http:\/\/www.spvgg-osterhofen.de\/site_2010\/wp-content\/uploads\/2017\/03\/6818492.jpg 900w, http:\/\/www.spvgg-osterhofen.de\/site_2010\/wp-content\/uploads\/2017\/03\/6818492-300x290.jpg 300w, http:\/\/www.spvgg-osterhofen.de\/site_2010\/wp-content\/uploads\/2017\/03\/6818492-768x742.jpg 768w\" sizes=\"auto, (max-width: 700px) 100vw, 700px\" \/>Zum Start in die Fr\u00fchjahrsrunde der Landesliga Mitte kassieren die stark ersatzgeschw\u00e4chten Herzogsst\u00e4dter ein herbe Klatsche in Burglengenfeld. <strong>\u201eEs war von der ersten Minute an eine desolate Abwehrleistung!\u201c <\/strong>erkennt ein sichtlich entt\u00e4uschter Trainer Martin Oslislo, der aufgrund von Wadenproblemen selbst nicht spielen konnte.<!--more--><\/p>\n<p style=\"text-align: justify\">Am Ende waren es doch zu viele Ausf\u00e4lle die die beiden Verantwortlichen Trainer Martin Oslislo und Sepp Holler kompensieren mussten. Neben den langzeitverletzten Stefan Mandl (Aufbautraining nach Kreuzbandriss) und Lukas Grzesik (Schambeinentz\u00fcndung) fehlten verletzungsbedingt Markus Huber, Alexander Heindl und Sebastian Killinger. So nebenbei ist Sepp Holler gesperrt und Tobias Eckl hat nach seinem USA-Aufenthalt Trainingsr\u00fcckstand, nahm aber aufgrund der Misere auf der Bank Platz. So standen die beiden Neuzug\u00e4nge Mirza Hasanovic und der 18-j\u00e4hrige A-Jugendliche Pascal Fischer in der Startelf. Burglengenfeld konnte dagegen aus den Vollen sch\u00f6pfen.<\/p>\n<p style=\"text-align: justify\">Und die Hausherren hatten auf den Kunstrasenplatz im Naabtal-Park den richtigen Matchplan zusammengestellt. Mit hoch stehenden Reihen und temporeichen Pressing wurden die Niederbayern sofort unter Druck gesetzt. Und die F\u00fchrung lies auch nicht lange auf sich warten. St\u00fcrmer Benjamin Epifani drosch eine Vorlage von Fabian Vlad ins kurze Eck. Es sollte ein wahres Feuerwerk der Hausherren folgen. Die G\u00e4ste machten es aber den Hausherren sehr leicht. Mit einfachen langen B\u00e4llen auf die Au\u00dfenspieler wurde die Osterhofener Defensive immer wieder \u00fcberspielt. In regelm\u00e4\u00dfigen Abst\u00e4nden klingelte es im Kasten der vorl\u00e4ufig neuen Nummer Eins Fabian Scholz (23). Dreimal schlug Ibrahim Hezer (24), der beim FC Ingolstadt das Fu\u00dfballspieler lernte, zu. Hezer, der in der Vorrunde mit einem Distanzschu\u00df den 1:0-Siegtreffer erzielte, traf zuerst aus 25 Metern und dann jeweils mit ruhenden B\u00e4llen. Beim 3:0 traf er vom Punkt und vor der Pause versenkte er einen Freisto\u00df direkt. Kurzum: Es gelang den spielfreudigen Oberpf\u00e4lzern so gut wie alles. Das 4:0 markierte zwischenzeitlich Matthias Gr\u00f6ger, so dass schon zur Pause mit 5:0 die Entscheidung gefallen ist. Gleich zu Beginn des zweiten Durchgangs machten die Burglengenfelder mit der ersten Torgelegenheit den sechsten Treffer, und damit alles klar. Osterhofen gelang im Spiel nach vorne nichts und Burglengenfeld spielte wie aus einen Guss. Lediglich G\u00f6key G\u00f6nel konnte sich einmal in Szene setzen. Seinen Abschlu\u00df aus ca. 16 Metern entsch\u00e4rfte aber TW Marco Epifani. Das war es aber auch mit Osterhofener Offensivaktionen. Der eingewechselte Bastian Beer besorgte fr\u00fch den Endstand. Burglengenfeld nahm nach der deutlichen F\u00fchrung einen Gang heraus und h\u00e4tte durchaus den einen oder anderen Treffer drauflegen k\u00f6nnen. <strong>\u201eAlles in Allem war es kollektives Versagen unserer Mannschaft\u201c<\/strong> bilanziert Martin Oslislo mit der Hoffnung, dass die Stammkr\u00e4fte bald wieder zum Einsatz kommen k\u00f6nnen. Das ist auch bitter n\u00f6tig, denn so wird die Mission Klassenerhalt nur schwer zu erf\u00fcllen sein!<\/p>\n<hr \/>\n<p>Tore: 1:0 Benjamin Epifani (10. Minute), 2:0, 3:0 u. 5:0 Ibrahim Hezer (13., 17. FE, 40. direkter Freisto\u00df), 4:0, 6:0 Matthias Gr\u00f6ger (33.\/48.), 7:0 Bastian Beer (62.)<\/p>\n<p>Burglengenfeld: M. Epifani \u2013 Karg, Dietrich Sander, Schnaus, Janker (57. Beer), Hezer, Schleicher (46. Zempelin), B. Epifani (66. Pfaffenroth), Vlad, Gr\u00f6ger<\/p>\n<p>Osterhofen: Scholz \u2013 Hasanovic, Saller, Filiz, Moosm\u00fcller (57. Eckl) \u2013 M. Heindl, P. Fischer (66. Zacher), G\u00f6nel, Wittenzellner (81. Helldobler) \u2013 Lohberger, Gigliola<\/p>\n<p>SR: Thomas Berg (Landshut\/Au)<\/p>\n<p>Zuschauer: 280<\/p>\n","protected":false},"excerpt":{"rendered":"<p>Zum Start in die Fr\u00fchjahrsrunde der Landesliga Mitte kassieren die stark ersatzgeschw\u00e4chten Herzogsst\u00e4dter ein herbe Klatsche in Burglengenfeld. \u201eEs war von der ersten Minute an eine desolate Abwehrleistung!\u201c erkennt ein sichtlich entt\u00e4uschter Trainer Martin Oslislo, der aufgrund von Wadenproblemen selbst nicht spielen konnte.<\/p>\n","protected":false},"author":2,"featured_media":0,"comment_status":"closed","ping_status":"closed","sticky":false,"template":"","format":"standard","meta":{"ngg_post_thumbnail":0,"footnotes":""},"categories":[5],"tags":[],"class_list":["post-4270","post","type-post","status-publish","format-standard","hentry","category-news-archiv"],"aioseo_notices":[],"jetpack_featured_media_url":"","_links":{"self":[{"href":"http:\/\/www.spvgg-osterhofen.de\/site_2010\/wp-json\/wp\/v2\/posts\/4270","targetHints":{"allow":["GET"]}}],"collection":[{"href":"http:\/\/www.spvgg-osterhofen.de\/site_2010\/wp-json\/wp\/v2\/posts"}],"about":[{"href":"http:\/\/www.spvgg-osterhofen.de\/site_2010\/wp-json\/wp\/v2\/types\/post"}],"author":[{"embeddable":true,"href":"http:\/\/www.spvgg-osterhofen.de\/site_2010\/wp-json\/wp\/v2\/users\/2"}],"replies":[{"embeddable":true,"href":"http:\/\/www.spvgg-osterhofen.de\/site_2010\/wp-json\/wp\/v2\/comments?post=4270"}],"version-history":[{"count":4,"href":"http:\/\/www.spvgg-osterhofen.de\/site_2010\/wp-json\/wp\/v2\/posts\/4270\/revisions"}],"predecessor-version":[{"id":4275,"href":"http:\/\/www.spvgg-osterhofen.de\/site_2010\/wp-json\/wp\/v2\/posts\/4270\/revisions\/4275"}],"wp:attachment":[{"href":"http:\/\/www.spvgg-osterhofen.de\/site_2010\/wp-json\/wp\/v2\/media?parent=4270"}],"wp:term":[{"taxonomy":"category","embeddable":true,"href":"http:\/\/www.spvgg-osterhofen.de\/site_2010\/wp-json\/wp\/v2\/categories?post=4270"},{"taxonomy":"post_tag","embeddable":true,"href":"http:\/\/www.spvgg-osterhofen.de\/site_2010\/wp-json\/wp\/v2\/tags?post=4270"}],"curies":[{"name":"wp","href":"https:\/\/api.w.org\/{rel}","templated":true}]}}