{"id":4287,"date":"2017-03-28T18:00:43","date_gmt":"2017-03-28T17:00:43","guid":{"rendered":"http:\/\/www.spvgg-osterhofen.de\/site_2010\/?p=4287"},"modified":"2019-07-29T22:11:05","modified_gmt":"2019-07-29T21:11:05","slug":"osterhofen-laesst-punkt-liegen","status":"publish","type":"post","link":"http:\/\/www.spvgg-osterhofen.de\/site_2010\/osterhofen-laesst-punkt-liegen","title":{"rendered":"Osterhofen l\u00e4sst Punkt liegen!"},"content":{"rendered":"<p style=\"text-align: justify\"><img loading=\"lazy\" decoding=\"async\" class=\"alignleft wp-image-4288 size-large\" src=\"http:\/\/www.spvgg-osterhofen.de\/site_2010\/wp-content\/uploads\/2017\/03\/Zwischenablage16-1024x683.jpg\" alt=\"\" height=\"487\" width=\"730\" srcset=\"http:\/\/www.spvgg-osterhofen.de\/site_2010\/wp-content\/uploads\/2017\/03\/Zwischenablage16-1024x683.jpg 1024w, http:\/\/www.spvgg-osterhofen.de\/site_2010\/wp-content\/uploads\/2017\/03\/Zwischenablage16-300x200.jpg 300w, http:\/\/www.spvgg-osterhofen.de\/site_2010\/wp-content\/uploads\/2017\/03\/Zwischenablage16-768x512.jpg 768w\" sizes=\"auto, (max-width: 730px) 100vw, 730px\" \/>Man sah es am Ende den langen Gesichtern der Hausherren an. Beim Heimauftakt gab es mit dem 0:1 erneut keine Tore und Punkte f\u00fcr die SpVgg Osterhofen zu bejubeln. In einem Spiel das eigentlich keinen Sieger verdient hatte machte der eine Moment in der 66. Minute die G\u00e4ste zum Sieger.<!--more--><\/p>\n<p style=\"text-align: justify\">Die Verletztenliste der Hausherren lichtet sich deutlich. Mit Sebastian Killinger und Lukas Grzesik kehrten zwei Langzeitverletzte in den Kader zur\u00fcck. Einzig der noch im Aufbautraining sich befindende Stefan Mandl fehlt noch. Ins Tor kehrte Philipp Zellner zur\u00fcck und gab der Abwehr die notwendige Sicherheit! G\u00e4stecouch Helmut Zeiml konnte aus den Vollen sch\u00f6pfen. Die ambitionierten Regensburger konnten es sich sogar Leisten die beiden Top-Angreifer Ahmed Ahmedov und K\u00f6tzting-Zugang Ismail Morina auf die Bank zu setzen.<\/p>\n<p style=\"text-align: justify\">Kein Wunder das Anfangs die G\u00e4ste das Spiel bestimmten. Vor allem \u00fcber die Fl\u00fcgel suchte Fortuna ihr Gl\u00fcck. Und sie kamen auch immer wieder durch. Doch die Defensive der SpVgg machte einen guten Job und stand sicher. Auf Kosten einiger Ecken, aus denen jedoch Regensburg kein Kapital schlagen konnte. So entwickelte sich ein z\u00e4her Kick mit wenig Strafraumaktionen. Osterhofen versuchte nach Balleroberung mit schnellem Umschaltspiel die G\u00e4steabwehr auszuhebeln. Zum einen kam Stefan Lohberger in der 6. Minute durch, legte sich in dieser Situation den Ball zu weit vor, so dass die aussichtsreiche Aktion verpuffte. In der 18. Minute wurde Markus Huber von Mehmet Filiz geschickt. Huber befand sich nach Ansicht der Schiedsrichterassistentin knapp im Abseits. Osterhofen zeigte sich in der Zweikampff\u00fchrung robust. Nach einer harten aber fairen Aktion von Alex Heindl musste Regensburg Mittelfeldmann Arber Morina verletzt vom Feld. Das war schon der zweite verletzungsbedingte Wechsel der Oberpf\u00e4lzer da sich 10 Minuten davor Abwehrmann Serkan S\u00f6nmez den Oberschenkel zerrte. In der Folge st\u00f6rten viele Unterbrechungen den Spielflu\u00df so dass es bis zur Pause keine nennenswerten Aktionen zu verzeichnen gab. Nach dem Seitenwechsel lief das Spiel so weiter wie es mit dem Pausenpfiff endete. Beide Reihen standen weiterhin kompakt und lie\u00dfen nicht viel zu. Es war insgesamt eine m\u00e4\u00dfige Landesligapartie. In der 66. Minute dann die Entscheidung. Zuerst kratzte Roland Moosm\u00fcller den Ball von der Torlinie. Im weiteren Verlauf die Aktion brachten die Hausherren den Ball nicht aus der Gefahrenzone, der dann Neuzugang Edwin Skrgic vor die F\u00fc\u00dfe f\u00e4llt, der mit einem trockenen Schu\u00df in die kurze Ecke die F\u00fchrung erzielt. Osterhofen musste nun die Deckung lockern und nach vorne spielen. Das gelang jedoch so gut wie gar nicht. Die Angriffsbem\u00fchungen wurden meist schon im Mittelfeld der Regensburger unterbunden. Und die weiten B\u00e4lle auf die Angreifer Stefan Lohberger und Stefano Gigliola kamen entweder nicht an oder wurden von den langen Verteidigern der Fortunen gekl\u00e4rt. Die G\u00e4ste hatten somit wenig M\u00fche den Vorsprung zu verteidigen. \u201e\u00dcber 90 Minuten war es gro\u00dfteils ein ausgeglichenes Spiel. Wir hatten mehr Feldanteile und vor allem die besseren Chancen. Aus diesem Grund war es auch ein verdienter Sieg!\u201c meinte Fortuna Trainer Helmut Zeiml nach dem Spiel. \u201eUnsere Jungs haben gek\u00e4mpft und haben gegen einen technisch starken Gegner gut dagegen gehalten. Wir m\u00fcssen uns derzeit jede M\u00f6glichkeit hart erarbeiten, w\u00e4hrend dem Gegner wieder ein Tor geschenkt wird!\u201c bilanzierte Spielertrainer Martin Oslislo. In den kommenden Wochen geht\u2019s f\u00fcr die Herzogst\u00e4dter ins eingemachte, wenn man zun\u00e4chst am Samstag in Ruhmannsfelden zum Kellerduell antritt. Dann kommen Waldkirchen (05.04. Nachholspiel) und der ASV Cham ins Osterhofener Stadion. fn<\/p>\n<hr>\n<p>Osterhofen \u2013 Regensburg 0:1<\/p>\n<p>Tor: Edwin Skrgic (66. Minute)<\/p>\n<p>Osterhofen: Zellner \u2013 Eckl, Saller, Moosm\u00fcller, Filiz \u2013 A. Heindl (72. G\u00f6nel), M. Heindl, Helldobler (61. Killinger), Huber \u2013 Lohberger, Gigliola (79. Oslislo)<\/p>\n<p>Regensburg: Sommer \u2013 Peter, S\u00f6nmez (28. Lotter), Sz\u00fccs, Canac \u2013 Klica, Arber Morina (38. Karjasevic), Oppelt, Arlind Morina, Hadziresic &#8211; Skrgic (88. Komsic)<\/p>\n<p>SR: Thomas Zippe (1.FC Passau)<\/p>\n<p>Zuschauer: 200<\/p>\n","protected":false},"excerpt":{"rendered":"<p>Man sah es am Ende den langen Gesichtern der Hausherren an. Beim Heimauftakt gab es mit dem 0:1 erneut keine Tore und Punkte f\u00fcr die SpVgg Osterhofen zu bejubeln. In einem Spiel das eigentlich keinen Sieger verdient hatte machte der eine Moment in der 66. Minute die G\u00e4ste zum Sieger.<\/p>\n","protected":false},"author":2,"featured_media":0,"comment_status":"closed","ping_status":"closed","sticky":false,"template":"","format":"standard","meta":{"ngg_post_thumbnail":0,"footnotes":""},"categories":[5],"tags":[],"class_list":["post-4287","post","type-post","status-publish","format-standard","hentry","category-news-archiv"],"aioseo_notices":[],"jetpack_featured_media_url":"","_links":{"self":[{"href":"http:\/\/www.spvgg-osterhofen.de\/site_2010\/wp-json\/wp\/v2\/posts\/4287","targetHints":{"allow":["GET"]}}],"collection":[{"href":"http:\/\/www.spvgg-osterhofen.de\/site_2010\/wp-json\/wp\/v2\/posts"}],"about":[{"href":"http:\/\/www.spvgg-osterhofen.de\/site_2010\/wp-json\/wp\/v2\/types\/post"}],"author":[{"embeddable":true,"href":"http:\/\/www.spvgg-osterhofen.de\/site_2010\/wp-json\/wp\/v2\/users\/2"}],"replies":[{"embeddable":true,"href":"http:\/\/www.spvgg-osterhofen.de\/site_2010\/wp-json\/wp\/v2\/comments?post=4287"}],"version-history":[{"count":3,"href":"http:\/\/www.spvgg-osterhofen.de\/site_2010\/wp-json\/wp\/v2\/posts\/4287\/revisions"}],"predecessor-version":[{"id":4291,"href":"http:\/\/www.spvgg-osterhofen.de\/site_2010\/wp-json\/wp\/v2\/posts\/4287\/revisions\/4291"}],"wp:attachment":[{"href":"http:\/\/www.spvgg-osterhofen.de\/site_2010\/wp-json\/wp\/v2\/media?parent=4287"}],"wp:term":[{"taxonomy":"category","embeddable":true,"href":"http:\/\/www.spvgg-osterhofen.de\/site_2010\/wp-json\/wp\/v2\/categories?post=4287"},{"taxonomy":"post_tag","embeddable":true,"href":"http:\/\/www.spvgg-osterhofen.de\/site_2010\/wp-json\/wp\/v2\/tags?post=4287"}],"curies":[{"name":"wp","href":"https:\/\/api.w.org\/{rel}","templated":true}]}}