{"id":4318,"date":"2017-07-22T08:16:15","date_gmt":"2017-07-22T07:16:15","guid":{"rendered":"http:\/\/www.spvgg-osterhofen.de\/site_2010\/?p=4318"},"modified":"2019-07-29T22:10:42","modified_gmt":"2019-07-29T21:10:42","slug":"es-geht-wieder-los-saisonstart-fuer-osterhofen-i-ii","status":"publish","type":"post","link":"http:\/\/www.spvgg-osterhofen.de\/site_2010\/es-geht-wieder-los-saisonstart-fuer-osterhofen-i-ii","title":{"rendered":"Es geht wieder los!! Saisonstart f\u00fcr Osterhofen I + II"},"content":{"rendered":"<p><img loading=\"lazy\" decoding=\"async\" class=\"alignleft size-full wp-image-4319\" src=\"http:\/\/www.spvgg-osterhofen.de\/site_2010\/wp-content\/uploads\/2017\/07\/Zwischenablage03_web.jpg\" alt=\"\" width=\"700\" height=\"434\" srcset=\"http:\/\/www.spvgg-osterhofen.de\/site_2010\/wp-content\/uploads\/2017\/07\/Zwischenablage03_web.jpg 700w, http:\/\/www.spvgg-osterhofen.de\/site_2010\/wp-content\/uploads\/2017\/07\/Zwischenablage03_web-300x186.jpg 300w\" sizes=\"auto, (max-width: 700px) 100vw, 700px\" \/><\/p>\n<p>&nbsp;<\/p>\n<p>&nbsp;<\/p>\n<p>&nbsp;<\/p>\n<p>&nbsp;<\/p>\n<p>&nbsp;<\/p>\n<p>&nbsp;<\/p>\n<p>&nbsp;<\/p>\n<p>&nbsp;<\/p>\n<p>&nbsp;<\/p>\n<p>&nbsp;<\/p>\n<p>&nbsp;<\/p>\n<p>&nbsp;<\/p>\n<p style=\"text-align: justify\">&nbsp;<\/p>\n<p style=\"text-align: justify\">Die Zeit der Vorbereitung ist f\u00fcr die SpVgg Osterhofen vorbei. Am Sonntag geht\u2019s in Perlesreut um Punkte in der stark eingesch\u00e4tzten Bezirksliga Ost. Nach dem Landesliga-Abstieg steht f\u00fcr die Verantwortlichen der Donaust\u00e4dter erstmals Ankommen in der neuen Liga auf dem Programm.&nbsp;<\/p>\n<p style=\"text-align: justify\"><strong>&#8222;Ein Saisonziel geben wir vorerst keines aus!&#8220;<\/strong>&nbsp;verr\u00e4t der sportl. Leiter Werner Sixt.&nbsp;<strong>&#8222;Es ist eine sehr starke Liga mit Passau als Topfavorit. Aber auch Seebach ist nicht zu untersch\u00e4tzen und Ruhmannsfelden und Freyung werden sicher auch vorn mitspielen.&#8220;<\/strong>&nbsp;sch\u00e4tzt Sixt, stapelt aber auch nicht zu tief:&nbsp;<strong>&#8222;Insgesamt haben wir heuer wieder einen starken Kader der auch kameradschaftlich top ist. Wichtig ist f\u00fcr uns, dass wir nicht zu viele Verletzte haben. Wenn wir uns im vorderen Drittel der Tabelle einordnen k\u00f6nnen dann haben wir sicher wieder viele Zuschauer. Attraktiv und stark ist diese Bezirksliga Ost ohnehin!&#8220;&nbsp;<\/strong><\/p>\n<p style=\"text-align: justify\">Zur Zeit hat man auch w\u00e4hrend der Vorbereitung, die laut Trainer Martin Oslislo zufriedenstellend verlief, einige verletzte und angeschlagene Leistungstr\u00e4ger zu verzeichnen.&nbsp;<strong>\u201eDie neuen Spieler haben sich gut eingef\u00fcgt und die meisten Spieler konnten die komplette Vorbereitung mitmachen. Leider konnten wichtige Spieler wie Markus Huber, Sebastian Killinger, Thomas Saller, Thomas H\u00e4fner und Johannes Wittenzellner aufgrund muskul\u00e4rer Probleme nur bedingt mittrainieren und nicht alle werden uns im ersten Punktspiel zur Verf\u00fcgung stehen!\u201c<\/strong>&nbsp;erz\u00e4hlt Trainer Martin Oslislo der zudem mit Neuzugang Andreas Ranzinger (22, Kreuzbandanriss und Au\u00dfenbandriss im Knie) und die nach seinem Kreuzbandriss noch lange ausfallende neue Nummer Eins Andreas Rixinger (30) Langzeitverletzte auf der Liste zu verzeichnen hat. Auch hinter dem Einsatz des zuletzt pr\u00e4chtig aufgelegten Lukas Grzesik (21, Kn\u00f6chelverletzung) steht ein gro\u00dfes Fragezeichen. Viele Baustellen also die das Trainerteam Sepp Holler und Martin Oslislo vor dem Saisonstart am Sonntagabend haben. Eine Baustelle ist dagegen geschlossen. Und zwar die zwischen den Pfosten. Hier haben die Herzogst\u00e4dter personell aufger\u00fcstet. Mit Simon Friedrich (20, einj\u00e4hrige Pause, zuletzt GW Deggendorf), Michael Lauerer (23, SV Garham) und k\u00fcrzlich Christian Gericke (22, RSV Walchsing) wurde das Problem nach dem Abgang von Philipp Zellner (29, pausiert) im Tor behoben. Wer am Sonntag in Perlesreut das Tor h\u00fctet will die sportliche Leitung am Freitagabend beim Abschlu\u00dftraining entscheiden.&nbsp;<\/p>\n<p style=\"text-align: justify\">In den Testspielen ging die Formkurve von Spiel zu Spiel nach oben. Nach dem 0:5 gegen Regionalligist SV Schalding-Heining und dem 2:3 gegen Landesligist Bogen wurden die Spiele gegen Kreisklassist SV Winzer (6:0), West-Bezirksligist TSV Vilsbiburg (3:1) und zuletzt gegen den Dritten der letzten Kreisliga-Saison FSV Landau (4:2) siegreich gestaltet. So nebenbei holte die Spielvereinigung die Stadtmeisterschaft mit deutlichen Siegen gegen die SpVgg Aicha (7:1) und dem FC Gergweis (7:2). Als treffsicherster Sch\u00fctze bewies sich Oberp\u00f6ring-Neuzugang Daniel Heigl (24) der alleine achtmal einnetzte. \u00dcberhaupt haben sich die Neuzug\u00e4nge prima ins Kollektiv eingeordnet.&nbsp;<strong>&#8222;Unsere Neuzug\u00e4nge haben sich sehr gut integriert und sind eine Bereicherung f\u00fcr den Verein!&#8220;<\/strong>&nbsp;sagt Werner Sixt der den Saisonstart genauso herbei sehnt wie der Rest der Spielvereinigung.&nbsp;<strong>\u201eDie Stimmung im Team ist gut und alle fiebern dem Auftakt entgegen!\u201c<\/strong>&nbsp;verr\u00e4t Oslislo der sich mit Sepp Holler gegen Perlesreut einen Matchplan ausgedacht hat den er freillich noch nicht verraten will. Nur soviel<strong>: \u201eWir fahren am Sonntag hochmotiviert nach Perlesreut und wollen auf Sieg spielen.\u201c&nbsp;<\/strong>lautet die Ansage von Martin Oslislo.<\/p>\n<p style=\"text-align: justify\">Auch unsere zweite Mannschaft startet in die neue Spielzeit. Zum Auftakt ist man am Sonntagnachmittag in Neuhausen zu Gast. fn<\/p>\n","protected":false},"excerpt":{"rendered":"<p>&nbsp; &nbsp; &nbsp; &nbsp; &nbsp; &nbsp; &nbsp; &nbsp; &nbsp; &nbsp; &nbsp; &nbsp; &nbsp; Die Zeit der Vorbereitung ist f\u00fcr die SpVgg Osterhofen vorbei. Am Sonntag geht\u2019s in Perlesreut um Punkte in der stark eingesch\u00e4tzten Bezirksliga Ost. Nach dem Landesliga-Abstieg steht f\u00fcr die Verantwortlichen der Donaust\u00e4dter erstmals Ankommen in der neuen Liga auf dem Programm.&nbsp; &#8222;Ein <a class=\"more-link\" href=\"http:\/\/www.spvgg-osterhofen.de\/site_2010\/es-geht-wieder-los-saisonstart-fuer-osterhofen-i-ii\">Continue reading <i class=\"fa fa-chevron-right\"><\/i><\/a><\/p>\n","protected":false},"author":2,"featured_media":0,"comment_status":"closed","ping_status":"closed","sticky":false,"template":"","format":"standard","meta":{"ngg_post_thumbnail":0,"footnotes":""},"categories":[5],"tags":[],"class_list":["post-4318","post","type-post","status-publish","format-standard","hentry","category-news-archiv"],"aioseo_notices":[],"jetpack_featured_media_url":"","_links":{"self":[{"href":"http:\/\/www.spvgg-osterhofen.de\/site_2010\/wp-json\/wp\/v2\/posts\/4318","targetHints":{"allow":["GET"]}}],"collection":[{"href":"http:\/\/www.spvgg-osterhofen.de\/site_2010\/wp-json\/wp\/v2\/posts"}],"about":[{"href":"http:\/\/www.spvgg-osterhofen.de\/site_2010\/wp-json\/wp\/v2\/types\/post"}],"author":[{"embeddable":true,"href":"http:\/\/www.spvgg-osterhofen.de\/site_2010\/wp-json\/wp\/v2\/users\/2"}],"replies":[{"embeddable":true,"href":"http:\/\/www.spvgg-osterhofen.de\/site_2010\/wp-json\/wp\/v2\/comments?post=4318"}],"version-history":[{"count":4,"href":"http:\/\/www.spvgg-osterhofen.de\/site_2010\/wp-json\/wp\/v2\/posts\/4318\/revisions"}],"predecessor-version":[{"id":4323,"href":"http:\/\/www.spvgg-osterhofen.de\/site_2010\/wp-json\/wp\/v2\/posts\/4318\/revisions\/4323"}],"wp:attachment":[{"href":"http:\/\/www.spvgg-osterhofen.de\/site_2010\/wp-json\/wp\/v2\/media?parent=4318"}],"wp:term":[{"taxonomy":"category","embeddable":true,"href":"http:\/\/www.spvgg-osterhofen.de\/site_2010\/wp-json\/wp\/v2\/categories?post=4318"},{"taxonomy":"post_tag","embeddable":true,"href":"http:\/\/www.spvgg-osterhofen.de\/site_2010\/wp-json\/wp\/v2\/tags?post=4318"}],"curies":[{"name":"wp","href":"https:\/\/api.w.org\/{rel}","templated":true}]}}