{"id":4325,"date":"2017-07-24T21:55:49","date_gmt":"2017-07-24T20:55:49","guid":{"rendered":"http:\/\/www.spvgg-osterhofen.de\/site_2010\/?p=4325"},"modified":"2019-07-29T22:10:05","modified_gmt":"2019-07-29T21:10:05","slug":"punkteteilung-zum-auftakt","status":"publish","type":"post","link":"http:\/\/www.spvgg-osterhofen.de\/site_2010\/punkteteilung-zum-auftakt","title":{"rendered":"Punkteteilung zum Auftakt"},"content":{"rendered":"<p style=\"text-align: justify\"><img loading=\"lazy\" decoding=\"async\" class=\"alignleft size-full wp-image-4326\" src=\"http:\/\/www.spvgg-osterhofen.de\/site_2010\/wp-content\/uploads\/2017\/08\/2017-07-23-perl_ohoI053.jpg\" alt=\"\" width=\"900\" height=\"600\" srcset=\"http:\/\/www.spvgg-osterhofen.de\/site_2010\/wp-content\/uploads\/2017\/08\/2017-07-23-perl_ohoI053.jpg 900w, http:\/\/www.spvgg-osterhofen.de\/site_2010\/wp-content\/uploads\/2017\/08\/2017-07-23-perl_ohoI053-300x200.jpg 300w, http:\/\/www.spvgg-osterhofen.de\/site_2010\/wp-content\/uploads\/2017\/08\/2017-07-23-perl_ohoI053-768x512.jpg 768w\" sizes=\"auto, (max-width: 900px) 100vw, 900px\" \/>300 Zuschauer, ein emotionales, hartes und spannendes Spiel \u2013 und eine gerechte Punkteteilung: Die Spvgg Osterhofen musste sich zum Auftakt in der Bezirksliga Ost mit einem 1:1 beim Aufsteiger Perlesreut begn\u00fcgen. Trainer Martin Oslislo war mit dem Spiel seiner Mannschaft gar nicht zufrieden und \u00fcbte Kritik.&nbsp;<!--more--><br \/>\nSchiedsrichter Andreas Hartl (32, Hacklberg) hatte seine liebe M\u00fche und Not, die Emotionen zu beruhigen. Sieben gelbe und zwei gelb-rote Karten zeugen von einer von unz\u00e4hligen Spielunterbrechungen gepr\u00e4gten, harten, aber nie unfairen Begegnung. Die G\u00e4ste aus Osterhofen versuchten, mit spielerischen Mitteln ein \u00dcbergewicht zu erzielen, wurden dabei aber durch eine aggressive und zweikampfstarke Heimmannschaft permanent gehindert.&nbsp;<br \/>\nV\u00f6llig unerwartet fiel der F\u00fchrungstreffer f\u00fcr den SVP \u2013 ein Tor, das durchaus Eingang ins \u201eKuriosit\u00e4tenkabinett\u201c findet: Einen Befreiungsschlag der G\u00e4ste k\u00f6pfte Sebastian Kern an der Mittellinie in einer hohen Bogenlampe Richtung Osterhofener Tor, Michael Haidn spritzte in diese Vorlage, erreichte das Leder zwar nicht mehr, irritierte jedoch den herauseilenden Torwart Christian Gericke, so dass der Ball an der Strafraumlinie aufsprang und \u00fcber den verdutzten Keeper hinweg ins Tor hoppelte (15.).<br \/>\nPackend wurde es dann erst wieder in der Schlussphase der ersten Halbzeit. Zun\u00e4chst brachte Pascal Fischer einen der unz\u00e4hligen Freist\u00f6\u00dfe punktgenau in den Strafraum, wo Daniel Heigl per Kopf zum 1:1 einnickte (43.). Keine Minute sp\u00e4ter erwies Osterhofens Manuel Heindl seiner Elf einen B\u00e4rendienst, als er nach r\u00fcdem Einsteigen die berechtigte gelbe Karte mit einer abwertenden Handbewegung kommentierte: SR Hartl ahndete dies mit der Ampelkarte.<br \/>\nTrotz Unterzahl blieben die G\u00e4ste \u2013 angetrieben vom sehr pr\u00e4senten Mirza Hasanovic \u2013 nach Wiederanpfiff die spielbestimmende Mannschaft. Ein weiteres Tor gelang jedoch nicht mehr.&nbsp;<br \/>\nSpvgg-Trainer Martin Oslislo erkannte den Punktgewinn der Perlesreuter neidlos an und zollte der Aigner-Truppe Respekt f\u00fcr ihre kompromisslose Gangart. Mit seinem eigenem Team ging er hart ins Gericht, bem\u00e4ngelte das vor allem in der ersten Halbzeit ideenlose und beh\u00e4bige Auftreten seiner Elf, die nichts von dem umgesetzt habe, was er trainiert und sich f\u00fcr die Partie vorgenommen habe. Unverst\u00e4ndnis \u00e4u\u00dferte Oslislo auch \u00fcber die Undiszipliniertheit, die zur Dezimierung seiner Truppe gef\u00fchrt habe. \u2013 nk<\/p>\n","protected":false},"excerpt":{"rendered":"<p>300 Zuschauer, ein emotionales, hartes und spannendes Spiel \u2013 und eine gerechte Punkteteilung: Die Spvgg Osterhofen musste sich zum Auftakt in der Bezirksliga Ost mit einem 1:1 beim Aufsteiger Perlesreut begn\u00fcgen. Trainer Martin Oslislo war mit dem Spiel seiner Mannschaft gar nicht zufrieden und \u00fcbte Kritik.&nbsp;<\/p>\n","protected":false},"author":2,"featured_media":0,"comment_status":"closed","ping_status":"closed","sticky":false,"template":"","format":"standard","meta":{"ngg_post_thumbnail":0,"footnotes":""},"categories":[5],"tags":[],"class_list":["post-4325","post","type-post","status-publish","format-standard","hentry","category-news-archiv"],"aioseo_notices":[],"jetpack_featured_media_url":"","_links":{"self":[{"href":"http:\/\/www.spvgg-osterhofen.de\/site_2010\/wp-json\/wp\/v2\/posts\/4325","targetHints":{"allow":["GET"]}}],"collection":[{"href":"http:\/\/www.spvgg-osterhofen.de\/site_2010\/wp-json\/wp\/v2\/posts"}],"about":[{"href":"http:\/\/www.spvgg-osterhofen.de\/site_2010\/wp-json\/wp\/v2\/types\/post"}],"author":[{"embeddable":true,"href":"http:\/\/www.spvgg-osterhofen.de\/site_2010\/wp-json\/wp\/v2\/users\/2"}],"replies":[{"embeddable":true,"href":"http:\/\/www.spvgg-osterhofen.de\/site_2010\/wp-json\/wp\/v2\/comments?post=4325"}],"version-history":[{"count":1,"href":"http:\/\/www.spvgg-osterhofen.de\/site_2010\/wp-json\/wp\/v2\/posts\/4325\/revisions"}],"predecessor-version":[{"id":4327,"href":"http:\/\/www.spvgg-osterhofen.de\/site_2010\/wp-json\/wp\/v2\/posts\/4325\/revisions\/4327"}],"wp:attachment":[{"href":"http:\/\/www.spvgg-osterhofen.de\/site_2010\/wp-json\/wp\/v2\/media?parent=4325"}],"wp:term":[{"taxonomy":"category","embeddable":true,"href":"http:\/\/www.spvgg-osterhofen.de\/site_2010\/wp-json\/wp\/v2\/categories?post=4325"},{"taxonomy":"post_tag","embeddable":true,"href":"http:\/\/www.spvgg-osterhofen.de\/site_2010\/wp-json\/wp\/v2\/tags?post=4325"}],"curies":[{"name":"wp","href":"https:\/\/api.w.org\/{rel}","templated":true}]}}