{"id":4391,"date":"2017-09-02T21:32:18","date_gmt":"2017-09-02T20:32:18","guid":{"rendered":"http:\/\/www.spvgg-osterhofen.de\/site_2010\/?p=4391"},"modified":"2019-07-29T22:06:28","modified_gmt":"2019-07-29T21:06:28","slug":"osterhofen-kann-auch-topmannschaften-sieg-gegen-seebach","status":"publish","type":"post","link":"http:\/\/www.spvgg-osterhofen.de\/site_2010\/osterhofen-kann-auch-topmannschaften-sieg-gegen-seebach","title":{"rendered":"Osterhofen kann auch Topmannschaften!!! Sieg gegen Seebach!"},"content":{"rendered":"<p><img loading=\"lazy\" decoding=\"async\" class=\"alignleft size-full wp-image-4392\" src=\"http:\/\/www.spvgg-osterhofen.de\/site_2010\/wp-content\/uploads\/2017\/10\/8415645.jpg\" alt=\"\" width=\"900\" height=\"600\" srcset=\"http:\/\/www.spvgg-osterhofen.de\/site_2010\/wp-content\/uploads\/2017\/10\/8415645.jpg 900w, http:\/\/www.spvgg-osterhofen.de\/site_2010\/wp-content\/uploads\/2017\/10\/8415645-300x200.jpg 300w, http:\/\/www.spvgg-osterhofen.de\/site_2010\/wp-content\/uploads\/2017\/10\/8415645-768x512.jpg 768w\" sizes=\"auto, (max-width: 900px) 100vw, 900px\" \/>Osterhofen verdiente sich dank einer hervorragenden Vorstellung die n\u00e4chsten Derbypunkte. Die G\u00e4ste aus Seebach lie\u00dfen dagegen vieles vermissen.<\/p>\n<p>Beide Teams mussten wieder auf einige Stammkr\u00e4fte verzichten. Auf Seiten der Hausherren waren Thomas Saller, Thomas H\u00e4fner, Lukas Grzesik und Pascal Fischer nicht einsatzf\u00e4hig. Der sich zuletzt in ausgezeichneter Form befindende G\u00f6kay G\u00f6nel verabschiedete sich am Donnerstag in Richtung China zu einem Drei-Monatigen Auslandsstudium. <!--more-->Dagegen kehrte Mirza Hasanovic nach Rotsperre und Fu\u00dfverletzung in den Kader zur\u00fcck. Thomas Prebeck musste auf die rotgesperrten Manuel Ebner und Routinier Waldemar Wagner verzichten. Zudem fehlten die verletzten Stammkr\u00e4fte Benjamin Baumgartner und Sandro Nickl. Diese Ausf\u00e4lle wogen aufgrund der enormen Qualit\u00e4t die der Seebacher Trainer zur Verf\u00fcgung hat nicht zu schwer.<\/p>\n<p style=\"text-align: justify\">Die Anfangsphase war vom Abtasten beider Teams gepr\u00e4gt und wenig temporeich. Doch die heimische Elf antizipierte schnell, dass Seebach diesmal nicht ihren besten Tag erwischt hatte und legte nach ca. zehn Minuten den Vorw\u00e4rtsgang ein. Vor allem besch\u00e4ftigten die Osterhofener G\u00e4stekeeper Fabian Scholz, in der Vorsaison noch in Diensten der SpVgg, mit Distanzsch\u00fcssen, mit denen der gro\u00dfgewachsene Torwart so seine M\u00fche hatte. Seebach entwickelte im ersten Durchgang so gut wie keine Torgefahr. Osterhofen pr\u00e4sentierte sich ganz anders als zuletzt bei 0:2-Niederlage in Grafenau und hatten durch Daniel Heigl und Sebastian Killinger ernsthafte M\u00f6glichkeiten f\u00fcr eine F\u00fchrung. Hier fehlte es jedoch noch an Zielwasser oder einmal war Fabian Scholz nach einem Linksschuss von Sebastian Killinger zur Stelle. Den Seebachern unterliefen immer wieder kleine Fouls die Osterhofen zu vielen ruhenden B\u00e4llen verhalfen, und stets f\u00fcr Unruhe im Strafraum der G\u00e4ste sorgten. Die F\u00fchrung fiel dann zu einem Zeitpunkt wo Seebach scheinbar die Partie und den Gegner in den Griff bekam. Dabei fiel ein geblockter Distanzschu\u00df von Alexander Heindl Sebastian Killinger vor die F\u00fc\u00dfe, der trocken in die linke Ecke traf. Seebach war im Anschluss unsortiert und nur wenig sp\u00e4ter erh\u00f6ht Manuel Heindl mit einem strammen 25-Meter-Hammer auf 2:0. Hier sah TW Florian Scholz nicht gut aus. Im weiteren Verlauf der ersten Halbzeit machte Osterhofen weiter Druck und Seebach sehnte sich nach dem Halbzeitpfiff. Ein durchaus m\u00f6glicher weiterer Treffer gelang Osterhofen bis zum Seitenwechsel nicht mehr. Mit Spannung begann der zweite Durchgang. Hat die Standpauke von Thomas Prebeck Wirkung? Auf alle F\u00e4lle kamen die rotgekleideten Seebacher mit mehr Schwung aus der Kabine und hatten mit einem Kopfball von Matthias Lallinger die M\u00f6glichkeit zu verk\u00fcrzen. Hier verfehlte der Ball nur knapp das Ziel. Aber auch zu Beginn des zweiten Abschnittes blieb die Osterhofener Defensivabteilung hellwach. Lediglich Matthias Lallinger hatte relativ viel Spielraum. Jeder ist sich der St\u00e4rke des Mittelfeldmannes bewusst. Aber auch Lallinger hatte, wie so viele im Seebacher Team, nicht seinen besten Tag erwischt. So kam es nur zu Distanzsch\u00fcssen, in denen sich die Osterhofener reinwarfen oder die das Ziel verfehlten. Lediglich einmal hatte die G\u00e4steanh\u00e4nger den Torschrei auf den Lippen, als Seebachs Bester Dominik Hauner aus ca. 16 Metern Torentfernung draufhielt, aber Osterhofens Torw\u00e4chter Michael Lauerer mit einem Wahnsinnsreflex den satten Schuss des Ex-Bogeners parierte. Die Spielvereinigung lauerte auf Konter. Johannes Wittenzellner h\u00e4tte in der 79. Minute alles klarmachen k\u00f6nnen. Diesmal reagierte TW Scholz gro\u00dfartig. Bis zum Ende hielt die Heimelf den Gegner weitgehend vom eigenen Strafraum fern und siegte schlussendlich hochverdient. fn<\/p>\n","protected":false},"excerpt":{"rendered":"<p>Osterhofen verdiente sich dank einer hervorragenden Vorstellung die n\u00e4chsten Derbypunkte. Die G\u00e4ste aus Seebach lie\u00dfen dagegen vieles vermissen. Beide Teams mussten wieder auf einige Stammkr\u00e4fte verzichten. Auf Seiten der Hausherren waren Thomas Saller, Thomas H\u00e4fner, Lukas Grzesik und Pascal Fischer nicht einsatzf\u00e4hig. Der sich zuletzt in ausgezeichneter Form befindende G\u00f6kay G\u00f6nel verabschiedete sich am Donnerstag <a class=\"more-link\" href=\"http:\/\/www.spvgg-osterhofen.de\/site_2010\/osterhofen-kann-auch-topmannschaften-sieg-gegen-seebach\">Continue reading <i class=\"fa fa-chevron-right\"><\/i><\/a><\/p>\n","protected":false},"author":2,"featured_media":0,"comment_status":"closed","ping_status":"closed","sticky":false,"template":"","format":"standard","meta":{"ngg_post_thumbnail":0,"footnotes":""},"categories":[5],"tags":[],"class_list":["post-4391","post","type-post","status-publish","format-standard","hentry","category-news-archiv"],"aioseo_notices":[],"jetpack_featured_media_url":"","_links":{"self":[{"href":"http:\/\/www.spvgg-osterhofen.de\/site_2010\/wp-json\/wp\/v2\/posts\/4391","targetHints":{"allow":["GET"]}}],"collection":[{"href":"http:\/\/www.spvgg-osterhofen.de\/site_2010\/wp-json\/wp\/v2\/posts"}],"about":[{"href":"http:\/\/www.spvgg-osterhofen.de\/site_2010\/wp-json\/wp\/v2\/types\/post"}],"author":[{"embeddable":true,"href":"http:\/\/www.spvgg-osterhofen.de\/site_2010\/wp-json\/wp\/v2\/users\/2"}],"replies":[{"embeddable":true,"href":"http:\/\/www.spvgg-osterhofen.de\/site_2010\/wp-json\/wp\/v2\/comments?post=4391"}],"version-history":[{"count":1,"href":"http:\/\/www.spvgg-osterhofen.de\/site_2010\/wp-json\/wp\/v2\/posts\/4391\/revisions"}],"predecessor-version":[{"id":4393,"href":"http:\/\/www.spvgg-osterhofen.de\/site_2010\/wp-json\/wp\/v2\/posts\/4391\/revisions\/4393"}],"wp:attachment":[{"href":"http:\/\/www.spvgg-osterhofen.de\/site_2010\/wp-json\/wp\/v2\/media?parent=4391"}],"wp:term":[{"taxonomy":"category","embeddable":true,"href":"http:\/\/www.spvgg-osterhofen.de\/site_2010\/wp-json\/wp\/v2\/categories?post=4391"},{"taxonomy":"post_tag","embeddable":true,"href":"http:\/\/www.spvgg-osterhofen.de\/site_2010\/wp-json\/wp\/v2\/tags?post=4391"}],"curies":[{"name":"wp","href":"https:\/\/api.w.org\/{rel}","templated":true}]}}