{"id":4410,"date":"2017-10-24T07:17:38","date_gmt":"2017-10-24T06:17:38","guid":{"rendered":"http:\/\/www.spvgg-osterhofen.de\/site_2010\/?p=4410"},"modified":"2019-07-29T22:07:54","modified_gmt":"2019-07-29T21:07:54","slug":"spvgg-ii-trainerwechsel-zur-kommenden-saison","status":"publish","type":"post","link":"http:\/\/www.spvgg-osterhofen.de\/site_2010\/spvgg-ii-trainerwechsel-zur-kommenden-saison","title":{"rendered":"SpVgg II: Trainerwechsel zur kommenden Saison!"},"content":{"rendered":"<p style=\"text-align: justify\"><img loading=\"lazy\" decoding=\"async\" class=\"alignleft wp-image-4411 size-large\" src=\"http:\/\/www.spvgg-osterhofen.de\/site_2010\/wp-content\/uploads\/2017\/10\/Zwischenablage37-1024x683.jpg\" alt=\"\" width=\"730\" height=\"487\" srcset=\"http:\/\/www.spvgg-osterhofen.de\/site_2010\/wp-content\/uploads\/2017\/10\/Zwischenablage37-1024x683.jpg 1024w, http:\/\/www.spvgg-osterhofen.de\/site_2010\/wp-content\/uploads\/2017\/10\/Zwischenablage37-300x200.jpg 300w, http:\/\/www.spvgg-osterhofen.de\/site_2010\/wp-content\/uploads\/2017\/10\/Zwischenablage37-768x512.jpg 768w\" sizes=\"auto, (max-width: 730px) 100vw, 730px\" \/>Bei der Osterhofener Reserve vollzieht sich zur neuen Saison ein Trainerwechsel. Die gleichberechtigten Spielertrainer Matthias Schubert (30) und Markus Tippelt (28) ziehen sich mit Abschluss dieser Spielzeit zur\u00fcck.<\/p>\n<p style=\"text-align: justify\"><!--more--><\/p>\n<p style=\"text-align: justify\"><strong>\u201eWir hatten das Gef\u00fchl, dass die Mannschaft nach vier Jahren bei mir, bzw. bei Markus nach zwei Jahren etwas Neues braucht. Au\u00dferdem ist es jetzt fast die letzte Chance in der aktiven Karriere noch etwas Anderes zu machen. Ich spiele seit 25 Jahren f\u00fcr Altenmarkt bzw. Osterhofen und jetzt ist die Chance eventuell nochmal etwas Neues anzugreifen\u201c,<\/strong> erkl\u00e4rt Matthias Schubert, der seine sportliche Zukunft offenl\u00e4sst. Bei Markus Tippelt spielen haupts\u00e4chlich private Gr\u00fcnde eine Rolle: <strong>\u201eGerade in den letzten Jahren hatte ich mit vielen Verletzungen zu k\u00e4mpfen, was auf Dauer kr\u00e4fteraubend ist. Jetzt ist es an der Zeit den Fokus auf andere Dinge zu richten\u201c, <\/strong>verr\u00e4t Tippelt der sich gerade eine Selbst\u00e4ndigkeit im Bereich Bauplanung und -abwicklung aufbaut, die nur wenig Zeit f\u00fcr Sport zul\u00e4sst. Auf gro\u00dfe Trainersuche gehen die Herzogst\u00e4dter jedoch nicht. Die Osterhofener Vereinsf\u00fchrung bevorzugt wieder eine interne L\u00f6sung, und ab der kommenden Saison \u00fcbernehmen Thomas Saller (31, Bildmitte in Aktion) und Thomas Wallner (31) den Posten als spielende Trainer beim Kreisklassisten. Wallner machte vor Jahren den Trainerschein und betreute in der Saison 13\/14 den FC Moos. Saller sammelte erstmals beim A-Klassisten FC Obergessenbach in der Saison 2013\/2014 Erfahrung als Trainer, und schloss damals auf den f\u00fcnften Tabellenplatz ab. Im Winter 2014 legte er seinen Posten nieder und das Osterhofener Eigengew\u00e4chs suchte nochmals die Herausforderung als Spieler in der Bezirksliga-Mannschaft der SpVgg Osterhofen. Hier setzte sich der Verteidiger durch, und ist bis dato fester Bestandteil der Mannschaft. Nun will er sich wieder als Trainer beweisen. <strong>\u201eIch m\u00f6chte meine Erfahrungen als Spieler von der A-Klasse bis hinauf in die Landesliga weitergeben, und ich und Thomas Wallner haben uns dazu entschieden die Entwicklung der zweiten Mannschaft mitzugestalten\u201c, <\/strong>verr\u00e4t Saller. Schubert und Tippelt wollen dem neuen Trainer-Duo eine intakte Mannschaft \u00fcbergeben. Momentan steht die zweite Mannschaft der SpVgg nach dem 3:0-Sieg zum R\u00fcckrundenauftakt gegen den SV Neuhausen\/Offenberg auf dem 6. Tabellenplatz. <strong>\u201eBis Ende dieser Saison werden Schubi und ich alles daf\u00fcr tun um am Ende eine erfolgreiche Saison gespielt zu haben\u201c<\/strong>, sagt Tippelt der f\u00fcr den Rest der Saison den Ligaerhalt sicherstellen will. <strong>\u201eZiel war es ohne Neuzug\u00e4nge und mit der eigenen Jugend im gefestigten Mittelfeld zu spielen, das bleibt auch bis Ende dieser Saison das Ziel. Alles andere w\u00e4re v\u00f6llig vermessen\u201c<\/strong> so Tippelt. Ein weiteren Schritt dazu m\u00f6chte die Osterhofener Bezirksliga-Reserve am kommenden Wochenende bei der Reserve des FC K\u00fcnzing machen. fn<\/p>\n","protected":false},"excerpt":{"rendered":"<p>Bei der Osterhofener Reserve vollzieht sich zur neuen Saison ein Trainerwechsel. Die gleichberechtigten Spielertrainer Matthias Schubert (30) und Markus Tippelt (28) ziehen sich mit Abschluss dieser Spielzeit zur\u00fcck.<\/p>\n","protected":false},"author":2,"featured_media":0,"comment_status":"closed","ping_status":"closed","sticky":false,"template":"","format":"standard","meta":{"ngg_post_thumbnail":0,"footnotes":""},"categories":[5],"tags":[],"class_list":["post-4410","post","type-post","status-publish","format-standard","hentry","category-news-archiv"],"aioseo_notices":[],"jetpack_featured_media_url":"","_links":{"self":[{"href":"http:\/\/www.spvgg-osterhofen.de\/site_2010\/wp-json\/wp\/v2\/posts\/4410","targetHints":{"allow":["GET"]}}],"collection":[{"href":"http:\/\/www.spvgg-osterhofen.de\/site_2010\/wp-json\/wp\/v2\/posts"}],"about":[{"href":"http:\/\/www.spvgg-osterhofen.de\/site_2010\/wp-json\/wp\/v2\/types\/post"}],"author":[{"embeddable":true,"href":"http:\/\/www.spvgg-osterhofen.de\/site_2010\/wp-json\/wp\/v2\/users\/2"}],"replies":[{"embeddable":true,"href":"http:\/\/www.spvgg-osterhofen.de\/site_2010\/wp-json\/wp\/v2\/comments?post=4410"}],"version-history":[{"count":1,"href":"http:\/\/www.spvgg-osterhofen.de\/site_2010\/wp-json\/wp\/v2\/posts\/4410\/revisions"}],"predecessor-version":[{"id":4412,"href":"http:\/\/www.spvgg-osterhofen.de\/site_2010\/wp-json\/wp\/v2\/posts\/4410\/revisions\/4412"}],"wp:attachment":[{"href":"http:\/\/www.spvgg-osterhofen.de\/site_2010\/wp-json\/wp\/v2\/media?parent=4410"}],"wp:term":[{"taxonomy":"category","embeddable":true,"href":"http:\/\/www.spvgg-osterhofen.de\/site_2010\/wp-json\/wp\/v2\/categories?post=4410"},{"taxonomy":"post_tag","embeddable":true,"href":"http:\/\/www.spvgg-osterhofen.de\/site_2010\/wp-json\/wp\/v2\/tags?post=4410"}],"curies":[{"name":"wp","href":"https:\/\/api.w.org\/{rel}","templated":true}]}}