{"id":4413,"date":"2017-10-21T07:23:56","date_gmt":"2017-10-21T06:23:56","guid":{"rendered":"http:\/\/www.spvgg-osterhofen.de\/site_2010\/?p=4413"},"modified":"2019-07-29T22:07:46","modified_gmt":"2019-07-29T21:07:46","slug":"serie-gerissen-osterhofen-erzwingt-remis","status":"publish","type":"post","link":"http:\/\/www.spvgg-osterhofen.de\/site_2010\/serie-gerissen-osterhofen-erzwingt-remis","title":{"rendered":"Serie gerissen! Osterhofen erzwingt Remis!"},"content":{"rendered":"<p style=\"text-align: justify\"><img loading=\"lazy\" decoding=\"async\" class=\"alignleft wp-image-4415 size-large\" src=\"http:\/\/www.spvgg-osterhofen.de\/site_2010\/wp-content\/uploads\/2017\/10\/Zwischenablage15-1024x683.jpg\" alt=\"\" width=\"730\" height=\"487\" srcset=\"http:\/\/www.spvgg-osterhofen.de\/site_2010\/wp-content\/uploads\/2017\/10\/Zwischenablage15-1024x683.jpg 1024w, http:\/\/www.spvgg-osterhofen.de\/site_2010\/wp-content\/uploads\/2017\/10\/Zwischenablage15-300x200.jpg 300w, http:\/\/www.spvgg-osterhofen.de\/site_2010\/wp-content\/uploads\/2017\/10\/Zwischenablage15-768x512.jpg 768w\" sizes=\"auto, (max-width: 730px) 100vw, 730px\" \/>Die Siegesserie der SpVgg Osterhofen ist gerissen. Gegen eine ausgezeichnet aufgelegte Perlesreuter Elf gelang dem Tabellenzweiten in der Schlussphase noch ein gl\u00fcckliches 2:2 Unentschieden. \u00dcberschattet wurde die intensive Partie von zwei schweren Verletzungen. Der Perlesreuter Manuel R\u00fcckert verletzte sich am Knie. Auf Osterhofener Seite erwischte es Michell Stark am Bein. Beide wurden mit dem Rettungswagen in umliegende Krankenh\u00e4user gebracht.<!--more--><\/p>\n<p style=\"text-align: justify\">Perlesreut hatte den besseren Start. Mit robuster Spielweise kauften sie den Herzogst\u00e4dtern, die ohne Abwehrchef Mirza Hasanovic und Markus Huber (Adduktorenverletzung) starteten, den Schneid ab. Den ersten Aufreger hatte aber Osterhofen parat. Bereits in der 3. Minute erreichte ein hohes, abwehr\u00fcbergreifendes Zuspiel von Alexander Heindl Daniel Heigl, der frei vor Perlesreuts Torwart Patrick Billinger auftaucht. Der Keeper reagiert zun\u00e4chst gl\u00e4nzend und den Abpraller drosch Heigl in die Wolken. Perlesreut hatte das richtige Rezept gegen den Tabellenzweiten. Mit aggressiven Spiel gegen den Ball gelangen ihnen viele Ballgewinne die sie zu eigenen Angriffen nutzten. Das hatten die Perlesreuter zum Beginn der Saison vermissen lassen: <strong>\u201eWir haben zulange gebraucht bis meine Spiele die Bezirksliga angenommen haben. Wir haben ein bisschen umgestellt von der Art wie wir spielen, haben jetzt viel Tempo und jetzt passt es\u201c<\/strong>, erkl\u00e4rt Trainer Oliver Aigner den Aufschwung der Seinen. Und nach einer Balleroberung gelang Gentjan Ahmet in der 15. Minute die F\u00fchrung. Zuvor parierte TW Michael Lauerer zweimal stark gegen Marco Sterr bevor Ahmeti an den Ball kam und mit einem trockenen Rechtsschu\u00df Lauerer \u00fcberwand. In der Folge war Osterhofen sichtlich beeindruckt, fand nicht ins Spiel. In der 19. Minute zog sich SR Golo Schricker erstmals den Unmut der Hausherren zu. Innenverteidiger Tobias Eckl fiel beim Zweikampf im eigenen Strafraum mit Hand auf den Ball. Schricker entschied auf Handelfmeter anstatt auf Foulspiel. Eine mutige Entscheidung des Bayernliga-Schiedsrichters. Thorsten Bauer trat an und setzte den Ball wie Bremens Kutzop im meisterschaftsentscheidenden Spiel 1986 gegen die M\u00fcnchner Bayern an den rechten Au\u00dfenposten. Perlesreut lie\u00df sich nicht aus dem Konzept bringen und kam weiter gef\u00e4hrlich vor das Osterhofener Tor. Und in der 32. Minute wurde dies erneut mit Erfolg gekr\u00f6nt. Wieder war es Ahmeti der einen Konter zum 0:2 abschloss. Osterhofen fuhr nun w\u00fctende Angriffe die Perlesreuts Abwehr aber nur vor wenigen Problemen stellten.<strong> \u201eVon der taktischen Ausrichtung hat alles gepasst. Obwohl das 2:2 am Ende f\u00fcr Osterhofen etwas gl\u00fccklich ist. Wir h\u00e4tten in der ersten Halbzeit noch das dritte und vierte Tor machen m\u00fcssen\u201c<\/strong>, haderte Aigner im Nachhinein mit dem Schicksal. Einzig Alexander Heindl hatte kurz vor der Halbzeitpause f\u00fcr die Heimelf die Gelegenheit zum Anschlusstreffer. Und was f\u00fcr eine: Seine Geschoss aus ca. 25 Meter klatschte von der Unterkante der Latte vor dem Strich ins Spiel zur\u00fcck. <strong>\u201eIn der ersten Halbzeit waren wir gar nicht auf dem Platz. Wir waren schl\u00e4frig, sehr langsam ohne Tempo. Der Gegner war gedanklich schneller, aggressiver und williger\u201c, <\/strong>beklagte Martin Oslilo den Auftritt seiner Truppe im ersten Durchgang. Im zweiten Abschnitt bem\u00fchten sich die Hausherren, w\u00e4hrend sich Perlesreut nun auf Abwehrarbeit beschr\u00e4nkte. Mit immensen Kampfesgeist hielten sich die G\u00e4ste die dauern anrennenden Osterhofener vom eigenen Strafraum fern, und sorgten selbst mit Konter f\u00fcr Nadelstiche. Osterhofen zeigte tolle Moral, und diese wurde in der 77. Minute belohnt. Dabei zog \u00fcber die rechte Angriffsseite Michell Stark bis auf die Grundlinie, flankte den Ball ins Zentrum. Der reaktivierte Mehmet Filiz stand goldrichtig und bef\u00f6rderte den Ball mit Hilfe des Pfosten \u00fcber die Torlinie. Osterhofen lie\u00df nicht nach, und nur vier Minuten sp\u00e4ter war es wieder Stark der \u00fcber rechts den Ball vors Tor brachte. Diesmal war St\u00fcrmer Daniel Heigl Nutznie\u00dfer der Vorlage und vollendete eiskalt zum vielumjubelten Ausgleich. In der Schlussphase beendete Thorsten Bauer f\u00fcr Michell Stark das Spiel schmerzhaft, als er dem quirligen Aussenspieler von hinten in die Beine trat. Mit Verdacht auf Wadenbeinbruch musste er ausgewechselt werden. &nbsp;In der Nachspielzeit musste Michael Lauerer noch einen gef\u00e4hrlichen Freisto\u00df vom eingewechselten Josip Cel\u010di\u0107 entsch\u00e4rfen. Am Ende blieb es beim Remis, dass aufgrund der guten Chancen der G\u00e4ste in der ersten H\u00e4lfte f\u00fcr die daheim noch ungeschlagenen Herzogst\u00e4dter gl\u00fccklich ist. Trainer Oslislo zog folgendes Fazit: <strong>\u201eAm Ende sind wir mit dem Punkt zufrieden. Wir haben uns nicht aufgegeben und haben uns deswegen kann man von einem verdienten Punkt reden. Wir m\u00fcssen uns wieder von der ersten Minute an auf unser Spiel konzentrieren und nicht auf das schauen was der Gegner macht\u201c.<\/strong><\/p>\n","protected":false},"excerpt":{"rendered":"<p>Die Siegesserie der SpVgg Osterhofen ist gerissen. Gegen eine ausgezeichnet aufgelegte Perlesreuter Elf gelang dem Tabellenzweiten in der Schlussphase noch ein gl\u00fcckliches 2:2 Unentschieden. \u00dcberschattet wurde die intensive Partie von zwei schweren Verletzungen. Der Perlesreuter Manuel R\u00fcckert verletzte sich am Knie. Auf Osterhofener Seite erwischte es Michell Stark am Bein. Beide wurden mit dem Rettungswagen <a class=\"more-link\" href=\"http:\/\/www.spvgg-osterhofen.de\/site_2010\/serie-gerissen-osterhofen-erzwingt-remis\">Continue reading <i class=\"fa fa-chevron-right\"><\/i><\/a><\/p>\n","protected":false},"author":2,"featured_media":0,"comment_status":"closed","ping_status":"closed","sticky":false,"template":"","format":"standard","meta":{"ngg_post_thumbnail":0,"footnotes":""},"categories":[5],"tags":[],"class_list":["post-4413","post","type-post","status-publish","format-standard","hentry","category-news-archiv"],"aioseo_notices":[],"jetpack_featured_media_url":"","_links":{"self":[{"href":"http:\/\/www.spvgg-osterhofen.de\/site_2010\/wp-json\/wp\/v2\/posts\/4413","targetHints":{"allow":["GET"]}}],"collection":[{"href":"http:\/\/www.spvgg-osterhofen.de\/site_2010\/wp-json\/wp\/v2\/posts"}],"about":[{"href":"http:\/\/www.spvgg-osterhofen.de\/site_2010\/wp-json\/wp\/v2\/types\/post"}],"author":[{"embeddable":true,"href":"http:\/\/www.spvgg-osterhofen.de\/site_2010\/wp-json\/wp\/v2\/users\/2"}],"replies":[{"embeddable":true,"href":"http:\/\/www.spvgg-osterhofen.de\/site_2010\/wp-json\/wp\/v2\/comments?post=4413"}],"version-history":[{"count":2,"href":"http:\/\/www.spvgg-osterhofen.de\/site_2010\/wp-json\/wp\/v2\/posts\/4413\/revisions"}],"predecessor-version":[{"id":4416,"href":"http:\/\/www.spvgg-osterhofen.de\/site_2010\/wp-json\/wp\/v2\/posts\/4413\/revisions\/4416"}],"wp:attachment":[{"href":"http:\/\/www.spvgg-osterhofen.de\/site_2010\/wp-json\/wp\/v2\/media?parent=4413"}],"wp:term":[{"taxonomy":"category","embeddable":true,"href":"http:\/\/www.spvgg-osterhofen.de\/site_2010\/wp-json\/wp\/v2\/categories?post=4413"},{"taxonomy":"post_tag","embeddable":true,"href":"http:\/\/www.spvgg-osterhofen.de\/site_2010\/wp-json\/wp\/v2\/tags?post=4413"}],"curies":[{"name":"wp","href":"https:\/\/api.w.org\/{rel}","templated":true}]}}