{"id":4440,"date":"2017-11-04T08:14:22","date_gmt":"2017-11-04T07:14:22","guid":{"rendered":"http:\/\/www.spvgg-osterhofen.de\/site_2010\/?p=4440"},"modified":"2019-07-29T22:08:16","modified_gmt":"2019-07-29T21:08:16","slug":"ah-laedt-zum-musikalischen-weinfest-ein","status":"publish","type":"post","link":"http:\/\/www.spvgg-osterhofen.de\/site_2010\/ah-laedt-zum-musikalischen-weinfest-ein","title":{"rendered":"AH l\u00e4dt zum musikalischen Weinfest ein"},"content":{"rendered":"<p style=\"text-align: justify;\"><img loading=\"lazy\" decoding=\"async\" class=\"alignleft wp-image-4441 size-medium\" src=\"http:\/\/www.spvgg-osterhofen.de\/site_2010\/wp-content\/uploads\/2017\/11\/drunterdr\u00fcber-300x143.jpg\" alt=\"\" width=\"300\" height=\"143\" srcset=\"http:\/\/www.spvgg-osterhofen.de\/site_2010\/wp-content\/uploads\/2017\/11\/drunterdr\u00fcber-300x143.jpg 300w, http:\/\/www.spvgg-osterhofen.de\/site_2010\/wp-content\/uploads\/2017\/11\/drunterdr\u00fcber-768x367.jpg 768w, http:\/\/www.spvgg-osterhofen.de\/site_2010\/wp-content\/uploads\/2017\/11\/drunterdr\u00fcber.jpg 949w\" sizes=\"auto, (max-width: 300px) 100vw, 300px\" \/>Die Alten Herren (AH) der SpVgg Osterhofen veranstalten anl\u00e4sslich ihres 50. Gr\u00fcndungsjubil\u00e4ums am Samstag, 18. November, einen musikalischen Weinabend mit der bekannten Musikgruppe \u201eDrunter &amp; Dr\u00fcber\u201c in der Stadthalle Osterhofen.<\/p>\n<p style=\"text-align: justify;\">Auch der AH-Viergesang mit Toni Binner (1. Tenor), Heribert Englmann (2. Tenor), Heinz Bauer (1. Bass) und Armin Weber (2. Bass) gr\u00fc\u00dft die G\u00e4ste mit einigen bekannten Liedern aus der Handschrift des musikalischen Leiters Otto W\u00fcrgert. Dazu gibt es deftige Brotzeiten mit Weinen aus der Wachau nebst den vollmundigen, heimischen Bieren.<br \/>\n\u201eDrunter &amp; Dr\u00fcber\u201c aus Moos steht f\u00fcr kurzweilige Abende, wo g\u2019spuit, g\u2019sunga und g\u2019lesn wird. In der Musikgruppe spielt Sepp Lehner aus Moos auf der Tuba, Sepp Ro\u00dfmeisl aus Deggendorf auf der Klarinette, Gitarre spielt Gebhard Sch\u00f6ffmann aus Lalling, Akkordeon Albert \u201eAbb\u201c Jahrstorfer und Trompete Klaus Berger.<\/p>\n<p style=\"text-align: justify;\">Die Musiker stellen sich immer gegenseitig in einer sehr humorvollen Weise vor, was im Publikum stets f\u00fcr Lacher sorgt. So sei die Wahl des Instruments immer eine Frage der Intelligenz, meint Klaus Berger mit einem Augenzwinkern zu Sepp Lehner und seiner Tuba. Ein H\u00f6hepunkt ist die Parodie eines Brauereidirektors aus dem Landkreis Deggendorf von Albert Jahrstorfer.<\/p>\n<p style=\"text-align: justify;\">Der musikalische Weinabend der AH findet am 18. November statt und beginnt um 20 Uhr, Einlass ist ab 18.30 Uhr.<\/p>\n<p style=\"text-align: justify;\">Die Karten k\u00f6nnen reserviert werden bei AH-Kassier Josef Ilg im Gasthaus Seidl\/Ilg, telefonisch unter Tel: 09932\/753 oder per E-Mail unter josef_Ilg@gmx.de.oz<\/p>\n","protected":false},"excerpt":{"rendered":"<p>Die Alten Herren (AH) der SpVgg Osterhofen veranstalten anl\u00e4sslich ihres 50. Gr\u00fcndungsjubil\u00e4ums am Samstag, 18. November, einen musikalischen Weinabend mit der bekannten Musikgruppe \u201eDrunter &amp; Dr\u00fcber\u201c in der Stadthalle Osterhofen. Auch der AH-Viergesang mit Toni Binner (1. Tenor), Heribert Englmann (2. Tenor), Heinz Bauer (1. Bass) und Armin Weber (2. Bass) gr\u00fc\u00dft die G\u00e4ste mit <a class=\"more-link\" href=\"http:\/\/www.spvgg-osterhofen.de\/site_2010\/ah-laedt-zum-musikalischen-weinfest-ein\">Continue reading <i class=\"fa fa-chevron-right\"><\/i><\/a><\/p>\n","protected":false},"author":2,"featured_media":0,"comment_status":"closed","ping_status":"closed","sticky":false,"template":"","format":"standard","meta":{"ngg_post_thumbnail":0,"footnotes":""},"categories":[5],"tags":[],"class_list":["post-4440","post","type-post","status-publish","format-standard","hentry","category-news-archiv"],"aioseo_notices":[],"jetpack_featured_media_url":"","_links":{"self":[{"href":"http:\/\/www.spvgg-osterhofen.de\/site_2010\/wp-json\/wp\/v2\/posts\/4440","targetHints":{"allow":["GET"]}}],"collection":[{"href":"http:\/\/www.spvgg-osterhofen.de\/site_2010\/wp-json\/wp\/v2\/posts"}],"about":[{"href":"http:\/\/www.spvgg-osterhofen.de\/site_2010\/wp-json\/wp\/v2\/types\/post"}],"author":[{"embeddable":true,"href":"http:\/\/www.spvgg-osterhofen.de\/site_2010\/wp-json\/wp\/v2\/users\/2"}],"replies":[{"embeddable":true,"href":"http:\/\/www.spvgg-osterhofen.de\/site_2010\/wp-json\/wp\/v2\/comments?post=4440"}],"version-history":[{"count":3,"href":"http:\/\/www.spvgg-osterhofen.de\/site_2010\/wp-json\/wp\/v2\/posts\/4440\/revisions"}],"predecessor-version":[{"id":4444,"href":"http:\/\/www.spvgg-osterhofen.de\/site_2010\/wp-json\/wp\/v2\/posts\/4440\/revisions\/4444"}],"wp:attachment":[{"href":"http:\/\/www.spvgg-osterhofen.de\/site_2010\/wp-json\/wp\/v2\/media?parent=4440"}],"wp:term":[{"taxonomy":"category","embeddable":true,"href":"http:\/\/www.spvgg-osterhofen.de\/site_2010\/wp-json\/wp\/v2\/categories?post=4440"},{"taxonomy":"post_tag","embeddable":true,"href":"http:\/\/www.spvgg-osterhofen.de\/site_2010\/wp-json\/wp\/v2\/tags?post=4440"}],"curies":[{"name":"wp","href":"https:\/\/api.w.org\/{rel}","templated":true}]}}