{"id":4472,"date":"2018-08-17T14:52:36","date_gmt":"2018-08-17T13:52:36","guid":{"rendered":"http:\/\/www.spvgg-osterhofen.de\/site_2010\/?p=4472"},"modified":"2019-07-29T22:04:37","modified_gmt":"2019-07-29T21:04:37","slug":"osterhofen-erkaempft-sich-sieg-gegen-grafenau","status":"publish","type":"post","link":"http:\/\/www.spvgg-osterhofen.de\/site_2010\/osterhofen-erkaempft-sich-sieg-gegen-grafenau","title":{"rendered":"Osterhofen erk\u00e4mpft sich Sieg gegen Grafenau!"},"content":{"rendered":"<p style=\"font-weight: 400; text-align: justify;\"><img loading=\"lazy\" decoding=\"async\" class=\"wp-image-4473\" src=\"http:\/\/www.spvgg-osterhofen.de\/site_2010\/wp-content\/uploads\/2018\/08\/fn_2018-08-15-Ost-vs-Graf027.jpg\" alt=\"\" width=\"720\" height=\"480\" srcset=\"http:\/\/www.spvgg-osterhofen.de\/site_2010\/wp-content\/uploads\/2018\/08\/fn_2018-08-15-Ost-vs-Graf027.jpg 1500w, http:\/\/www.spvgg-osterhofen.de\/site_2010\/wp-content\/uploads\/2018\/08\/fn_2018-08-15-Ost-vs-Graf027-300x200.jpg 300w, http:\/\/www.spvgg-osterhofen.de\/site_2010\/wp-content\/uploads\/2018\/08\/fn_2018-08-15-Ost-vs-Graf027-768x512.jpg 768w, http:\/\/www.spvgg-osterhofen.de\/site_2010\/wp-content\/uploads\/2018\/08\/fn_2018-08-15-Ost-vs-Graf027-1024x683.jpg 1024w\" sizes=\"auto, (max-width: 720px) 100vw, 720px\" \/><\/p>\n<p style=\"font-weight: 400; text-align: justify;\">Die SpVgg Osterhofen trotzt der momentanen Personalmisere und holt mit quasi dem letzten Aufgebot gegen den TSV Grafenau einen weiteren Sieg. Mit Michael Schefzik sa\u00df nur ein etatm\u00e4\u00dfiger Kaderspieler auf der Bank, so dass sich die beiden Trainer Josef Holler und Martin Oslislo selber aufstellten, und auch spielten.<\/p>\n<p style=\"font-weight: 400; text-align: justify;\">Grafenau war insgesamt die spielerisch und technisch bessere Elf wurde aber von der heimischen SpVgg in der ersten Halbzeit regelrecht abgekocht.&nbsp;<strong>\u201eEs ist diese Saison immer das Gleiche. Wir machen immer wieder Fehler die zu Gegentoren f\u00fchren\u201c<\/strong>, klagt Grafenaus Trainer G\u00fcnther Himpsl. Denn bereits in der 6. Minute nutzte Alexander Heindl die Schl\u00e4frigkeit der G\u00e4ste aus, dribbelte sich stark durchs Zentrum eher er Sebastian Killinger anspielte der nur noch ins leere Tor einschieben musste. Grafenau bem\u00fchte sich, blieb aber \u00fcber weite Strecken harmlos. Osterhofen arbeitete stark gegen den Ball und in der 29. Minute nutzten sie die zweite Unaufmerksamkeit aus. Daniel Heigl lief blank auf TW Tobias Schopf zu, umkurvte ihn und vollendete bockstark.&nbsp;<strong>\u201eWir haben mannschaftlich die bislang beste Halbzeit in dieser Saison gespielt und enorm hohen Aufwand betrieben\u201c<\/strong>, erkl\u00e4rt Trainer Martin Oslislo. Die erste gef\u00e4hrliche Aktion hatten die G\u00e4ste kurz vor der Pause. Fritz Simmet drosch die Kugel aber nach feiner Vorarbeit vom Brasilianer Marco Fernandes de Lima aus kurzer Distanz weit \u00fcber den Querbalken. Grafenau kam wie ausgewechselt aus der Kabine und verk\u00fcrzte schnell durch Michael Kern auf 1:2.&nbsp;<strong>\u201eWir sind bei dem Querball zum Torsch\u00fctzen schlecht gestanden\u201c<\/strong>, erkl\u00e4rt Oslislo die Entstehung des Anschlu\u00dftreffers. Danach bekamen die &#8222;Stodb\u00e4rn&#8220; einen Elfmeter geschenkt. Aus Osterhofener Sicht war hier nicht mal eine Ber\u00fchrung vorhanden. Ausgleichende Gerechtigkeit dann, weil TW Simon Busch gegen Kilian Grabolle Sieger blieb. Im weiteren Verlauf dr\u00fcckte Grafenau, agierte aber auch mit weiten B\u00e4llen die die Heimelf aufmerksam kl\u00e4ren konnten. So sprang nicht mehr wie eine Gro\u00dfchance durch Daniel Ranzinger in der 61. Minute heraus. Aus zwei Metern Entfernung m\u00fcsste der Grafenauer St\u00fcrmer eigentlich einnetzen. Zum Gl\u00fcck der Herzogst\u00e4dter! Ein Remis w\u00e4re insgesamt gerecht gewesen.&nbsp;<strong>\u201eIn der zweiten H\u00e4lfte haben wir nicht mehr viel nach vorne machen k\u00f6nnen, haben aber die weiten B\u00e4lle die zu uns reingeflogen sind gut verteidigt\u201c<\/strong>, bilanziert Oslislo.&nbsp;<strong>\u201eWir brauchen nicht dar\u00fcber zu reden wer heute die bessere Mannschaft gewesen ist. Wir belohnen uns einfach nicht\u201c<\/strong>, gibt ein entt\u00e4uschter Himpsl zu Protokoll. fn<\/p>\n<hr>\n<p style=\"font-weight: 400;\">Osterhofen &#8211; Grafenau 2:1 (2:0)<\/p>\n<p style=\"font-weight: 400;\">Tore: 1:0 Sebastian Killinger (6.), 2:0 Daniel Heigl (29.), 2:1 Michael Kern (48.)<\/p>\n<p style=\"font-weight: 400;\">SR: Simon Schreiner (DJK-SF Reichenberg)<\/p>\n<p style=\"font-weight: 400;\">TW Busch (O) h\u00e4lt einen Strafsto\u00df von Grabolle (52.)<\/p>\n<p style=\"font-weight: 400;\">Zuschauer: 130<\/p>\n","protected":false},"excerpt":{"rendered":"<p>Die SpVgg Osterhofen trotzt der momentanen Personalmisere und holt mit quasi dem letzten Aufgebot gegen den TSV Grafenau einen weiteren Sieg. Mit Michael Schefzik sa\u00df nur ein etatm\u00e4\u00dfiger Kaderspieler auf der Bank, so dass sich die beiden Trainer Josef Holler und Martin Oslislo selber aufstellten, und auch spielten. Grafenau war insgesamt die spielerisch und technisch <a class=\"more-link\" href=\"http:\/\/www.spvgg-osterhofen.de\/site_2010\/osterhofen-erkaempft-sich-sieg-gegen-grafenau\">Continue reading <i class=\"fa fa-chevron-right\"><\/i><\/a><\/p>\n","protected":false},"author":2,"featured_media":0,"comment_status":"closed","ping_status":"closed","sticky":false,"template":"","format":"standard","meta":{"ngg_post_thumbnail":0,"footnotes":""},"categories":[5],"tags":[],"class_list":["post-4472","post","type-post","status-publish","format-standard","hentry","category-news-archiv"],"aioseo_notices":[],"jetpack_featured_media_url":"","_links":{"self":[{"href":"http:\/\/www.spvgg-osterhofen.de\/site_2010\/wp-json\/wp\/v2\/posts\/4472","targetHints":{"allow":["GET"]}}],"collection":[{"href":"http:\/\/www.spvgg-osterhofen.de\/site_2010\/wp-json\/wp\/v2\/posts"}],"about":[{"href":"http:\/\/www.spvgg-osterhofen.de\/site_2010\/wp-json\/wp\/v2\/types\/post"}],"author":[{"embeddable":true,"href":"http:\/\/www.spvgg-osterhofen.de\/site_2010\/wp-json\/wp\/v2\/users\/2"}],"replies":[{"embeddable":true,"href":"http:\/\/www.spvgg-osterhofen.de\/site_2010\/wp-json\/wp\/v2\/comments?post=4472"}],"version-history":[{"count":1,"href":"http:\/\/www.spvgg-osterhofen.de\/site_2010\/wp-json\/wp\/v2\/posts\/4472\/revisions"}],"predecessor-version":[{"id":4474,"href":"http:\/\/www.spvgg-osterhofen.de\/site_2010\/wp-json\/wp\/v2\/posts\/4472\/revisions\/4474"}],"wp:attachment":[{"href":"http:\/\/www.spvgg-osterhofen.de\/site_2010\/wp-json\/wp\/v2\/media?parent=4472"}],"wp:term":[{"taxonomy":"category","embeddable":true,"href":"http:\/\/www.spvgg-osterhofen.de\/site_2010\/wp-json\/wp\/v2\/categories?post=4472"},{"taxonomy":"post_tag","embeddable":true,"href":"http:\/\/www.spvgg-osterhofen.de\/site_2010\/wp-json\/wp\/v2\/tags?post=4472"}],"curies":[{"name":"wp","href":"https:\/\/api.w.org\/{rel}","templated":true}]}}