{"id":4830,"date":"2022-10-26T07:28:29","date_gmt":"2022-10-26T06:28:29","guid":{"rendered":"http:\/\/www.spvgg-osterhofen.de\/site_2010\/?p=4830"},"modified":"2022-10-26T07:36:01","modified_gmt":"2022-10-26T06:36:01","slug":"sowas-habe-ich-selten-erlebt-dullinger-und-osterhofen-in-der-krise-und-doch-im-soll","status":"publish","type":"post","link":"http:\/\/www.spvgg-osterhofen.de\/site_2010\/sowas-habe-ich-selten-erlebt-dullinger-und-osterhofen-in-der-krise-und-doch-im-soll","title":{"rendered":"\u201eSowas habe ich selten erlebt\u201c: Dullinger und Osterhofen \u2013 in der Krise und doch im Soll"},"content":{"rendered":"<p><a href=\"http:\/\/www.spvgg-osterhofen.de\/site_2010\/wp-content\/uploads\/2022\/10\/fn_2022-10-22-LL-Ost-vs.-Kareth_31.jpg\"><img loading=\"lazy\" decoding=\"async\" class=\"size-large wp-image-4835 alignleft\" src=\"http:\/\/www.spvgg-osterhofen.de\/site_2010\/wp-content\/uploads\/2022\/10\/fn_2022-10-22-LL-Ost-vs.-Kareth_31-1024x682.jpg\" alt=\"\" width=\"730\" height=\"486\" srcset=\"http:\/\/www.spvgg-osterhofen.de\/site_2010\/wp-content\/uploads\/2022\/10\/fn_2022-10-22-LL-Ost-vs.-Kareth_31-1024x682.jpg 1024w, http:\/\/www.spvgg-osterhofen.de\/site_2010\/wp-content\/uploads\/2022\/10\/fn_2022-10-22-LL-Ost-vs.-Kareth_31-300x200.jpg 300w, http:\/\/www.spvgg-osterhofen.de\/site_2010\/wp-content\/uploads\/2022\/10\/fn_2022-10-22-LL-Ost-vs.-Kareth_31-768x512.jpg 768w, http:\/\/www.spvgg-osterhofen.de\/site_2010\/wp-content\/uploads\/2022\/10\/fn_2022-10-22-LL-Ost-vs.-Kareth_31-1536x1024.jpg 1536w, http:\/\/www.spvgg-osterhofen.de\/site_2010\/wp-content\/uploads\/2022\/10\/fn_2022-10-22-LL-Ost-vs.-Kareth_31.jpg 2000w\" sizes=\"auto, (max-width: 730px) 100vw, 730px\" \/><\/a><\/p>\n<p><strong>Die Spvgg Osterhofen wartet in der Landesliga-Mitte seit vier Spielen auf ein Erfolgserlebnis. Auch gegen das zuvor seit sechs Spielen sieglose Kareth-Lappersdorf zog man zuhause vor 90 Zuschauern am Ende verdient mit 0:2 den K\u00fcrzeren.<\/strong><\/p>\n<p style=\"text-align: justify;\"><!--more--><br \/>\nWie in den Spielen zuvor fehlte es den Herzogst\u00e4dt erneut an der n\u00f6tigen Durchschlagskraft im Angriff. \u201eDas ist der Bastelarbeit in der Defensive geschuldet. Durch die Tatsache, dass uns Leistungstr\u00e4ger fehlen, m\u00fcssen die Angreifer mehr nach hinten arbeiten. Das nimmt uns im Angriff die Durchschlagskraft\u201c, erkl\u00e4rt Dullinger die Misere. Am Ende stand ein verdienter, ungef\u00e4hrdeter Ausw\u00e4rtssieg f\u00fcr die Regensburger Vorst\u00e4dter zu Buche.<\/p>\n<p style=\"text-align: justify;\">Mit 15 Punkten schlie\u00dft die Spvgg Osterhofen die Hinrunde ab. Der omin\u00f6se Strich vor den Relegationspl\u00e4tzen ist in Schlagdistanz. Christian Dullinger zieht ein Zwischenfazit: \u201eBis auf die letzten zwei, drei Spiele bin ich mehr als zufrieden mit der Truppe. Man darf nicht vergessen, dass wir uns erst seit gut drei Monaten kennen. Der Kennenlernprozess ist demnach noch gar nicht abgeschlossen.\u201c Im Sommer hatte sich praktisch die komplette Mannschaft nach einem Streik wegen Differenzen mit der sportlichen F\u00fchrung verabschiedet.<\/p>\n<p style=\"text-align: justify;\">\u201e Zudem fehlen uns immer wieder gesperrte oder verletzte Spieler die wir brauchen, da in unserem Kader in der Breite einfach nicht mehr zur Verf\u00fcgung steht\u201c, benennt Dullinger einen zweiten Punkt. Ob der Verein im Winter auf dem Transfermarkt nochmal t\u00e4tig wird, schlie\u00dft der Coach nicht aus. \u201eEs w\u00e4re fahrl\u00e4ssig, wenn wir uns nicht umschauen w\u00fcrden. Wir haben einige Spieler aus unteren Ligen geholt, die sich in dieser Liga beweisen wollten. Klar besteht in der Abwehr und im Angriff Bedarf und wir werden Augen und Ohren offen halten.\u201c<\/p>\n<div>\n<div id=\"traffective-ad-Content_2\" class=\"Content_2\" style=\"text-align: justify;\">Dullinger, selbst erst seit Sommer im Verein, kann es nach eigener Aussage nicht nachvollziehen, wieso sich die Mannschaft der Vorsaison derma\u00dfen mit der den Vereinsverantwortlichen \u00fcberworfen hatten. \u201eIch kann \u00fcberhaupt nicht verstehen, dass es eine Gaudi gegeben hat. Die Leute im Verein unterst\u00fctzen einen zu 100 Prozent. Es gibt nie ein Nein und der Zusammenhalt ist einmalig. Sowas habe ich selten erlebt. Nat\u00fcrlich h\u00e4tten wir gerne ein paar Punkte mehr, aber das Arbeiten in Osterhofen macht mir Spa\u00df.\u201c Noch mehr Spa\u00df h\u00e4tte Dullinger sicher, wenn sich seine Mannschaft in der R\u00fcckrunde z\u00fcgig der Abstiegssorgen entledigen w\u00fcrde. fn<\/div>\n<\/div>\n","protected":false},"excerpt":{"rendered":"<p>Die Spvgg Osterhofen wartet in der Landesliga-Mitte seit vier Spielen auf ein Erfolgserlebnis. Auch gegen das zuvor seit sechs Spielen sieglose Kareth-Lappersdorf zog man zuhause vor 90 Zuschauern am Ende verdient mit 0:2 den K\u00fcrzeren.<\/p>\n","protected":false},"author":2,"featured_media":0,"comment_status":"closed","ping_status":"closed","sticky":false,"template":"","format":"standard","meta":{"ngg_post_thumbnail":0,"footnotes":""},"categories":[1,151],"tags":[],"class_list":["post-4830","post","type-post","status-publish","format-standard","hentry","category-allgemein","category-aktuell-herren"],"aioseo_notices":[],"jetpack_featured_media_url":"","_links":{"self":[{"href":"http:\/\/www.spvgg-osterhofen.de\/site_2010\/wp-json\/wp\/v2\/posts\/4830","targetHints":{"allow":["GET"]}}],"collection":[{"href":"http:\/\/www.spvgg-osterhofen.de\/site_2010\/wp-json\/wp\/v2\/posts"}],"about":[{"href":"http:\/\/www.spvgg-osterhofen.de\/site_2010\/wp-json\/wp\/v2\/types\/post"}],"author":[{"embeddable":true,"href":"http:\/\/www.spvgg-osterhofen.de\/site_2010\/wp-json\/wp\/v2\/users\/2"}],"replies":[{"embeddable":true,"href":"http:\/\/www.spvgg-osterhofen.de\/site_2010\/wp-json\/wp\/v2\/comments?post=4830"}],"version-history":[{"count":5,"href":"http:\/\/www.spvgg-osterhofen.de\/site_2010\/wp-json\/wp\/v2\/posts\/4830\/revisions"}],"predecessor-version":[{"id":4840,"href":"http:\/\/www.spvgg-osterhofen.de\/site_2010\/wp-json\/wp\/v2\/posts\/4830\/revisions\/4840"}],"wp:attachment":[{"href":"http:\/\/www.spvgg-osterhofen.de\/site_2010\/wp-json\/wp\/v2\/media?parent=4830"}],"wp:term":[{"taxonomy":"category","embeddable":true,"href":"http:\/\/www.spvgg-osterhofen.de\/site_2010\/wp-json\/wp\/v2\/categories?post=4830"},{"taxonomy":"post_tag","embeddable":true,"href":"http:\/\/www.spvgg-osterhofen.de\/site_2010\/wp-json\/wp\/v2\/tags?post=4830"}],"curies":[{"name":"wp","href":"https:\/\/api.w.org\/{rel}","templated":true}]}}